{"id":3761,"date":"2025-02-27T09:17:40","date_gmt":"2025-02-27T08:17:40","guid":{"rendered":"https:\/\/milinmueble.com\/?p=3761"},"modified":"2025-02-27T09:20:56","modified_gmt":"2025-02-27T08:20:56","slug":"cevisama-2025-arranca-con-una-fuerte-apuesta-por-el-producto-europeo-y-un-ambiente-de-negocio-dinamico","status":"publish","type":"post","link":"https:\/\/milinmueble.com\/en\/cevisama-2025-arranca-con-una-fuerte-apuesta-por-el-producto-europeo-y-un-ambiente-de-negocio-dinamico\/","title":{"rendered":"Cevisama 2025 arranca con una fuerte apuesta por el producto europeo y un ambiente de negocio din\u00e1mico"},"content":{"rendered":"<figure class=\"wp-block-image size-large\"><img loading=\"lazy\" decoding=\"async\" width=\"1024\" height=\"768\" src=\"https:\/\/milinmueble.com\/wp-content\/uploads\/2025\/02\/DSF9594-1-1024x768.jpg\" alt=\"Cevisama 2025 arranca con una fuerte apuesta por el producto europeo y un ambiente de negocio din\u00e1mico\" class=\"wp-image-3764\" style=\"aspect-ratio:16\/9;object-fit:cover\" srcset=\"https:\/\/milinmueble.com\/wp-content\/uploads\/2025\/02\/DSF9594-1-1024x768.jpg 1024w, https:\/\/milinmueble.com\/wp-content\/uploads\/2025\/02\/DSF9594-1-300x225.jpg 300w, https:\/\/milinmueble.com\/wp-content\/uploads\/2025\/02\/DSF9594-1-768x576.jpg 768w, https:\/\/milinmueble.com\/wp-content\/uploads\/2025\/02\/DSF9594-1-1536x1152.jpg 1536w, https:\/\/milinmueble.com\/wp-content\/uploads\/2025\/02\/DSF9594-1-16x12.jpg 16w, https:\/\/milinmueble.com\/wp-content\/uploads\/2025\/02\/DSF9594-1-400x300.jpg 400w, https:\/\/milinmueble.com\/wp-content\/uploads\/2025\/02\/DSF9594-1-800x600.jpg 800w, https:\/\/milinmueble.com\/wp-content\/uploads\/2025\/02\/DSF9594-1-600x450.jpg 600w, https:\/\/milinmueble.com\/wp-content\/uploads\/2025\/02\/DSF9594-1.jpg 2000w\" sizes=\"auto, (max-width: 1024px) 100vw, 1024px\" \/><figcaption class=\"wp-element-caption\">Feria Valencia <\/figcaption><\/figure>\n\n\n\n<h2 class=\"wp-block-heading\"><strong>Una feria renovada con un 96% de expositores europeos<\/strong><\/h2>\n\n\n\n<p class=\"wp-block-paragraph\">La&nbsp;<strong>41\u00aa edici\u00f3n de Cevisama<\/strong>&nbsp;ha abierto oficialmente sus puertas en&nbsp;<strong>Feria Valencia<\/strong>&nbsp;con una marcada apuesta por el&nbsp;<strong>producto europeo y la calidad \u2018Made in Europe\u2019<\/strong>. La feria, que se desarrollar\u00e1 hasta el pr\u00f3ximo viernes, re\u00fane a&nbsp;<strong>403 firmas y marcas<\/strong>, de las cuales&nbsp;<strong>un 96% provienen de pa\u00edses como Espa\u00f1a, Italia y Portugal<\/strong>.<\/p>\n\n\n\n<figure class=\"wp-block-embed is-type-video is-provider-youtube wp-block-embed-youtube wp-embed-aspect-16-9 wp-has-aspect-ratio\"><div class=\"wp-block-embed__wrapper\">\n<iframe loading=\"lazy\" title=\"Cevisama 2025 in Valencia, Spain.\" width=\"749\" height=\"421\" src=\"https:\/\/www.youtube.com\/embed\/iZYhWqBkFZY?feature=oembed\" frameborder=\"0\" allow=\"accelerometer; autoplay; clipboard-write; encrypted-media; gyroscope; picture-in-picture; web-share\" referrerpolicy=\"strict-origin-when-cross-origin\" allowfullscreen><\/iframe>\n<\/div><figcaption class=\"wp-element-caption\">VIDEO DE CEVISAMA 2025<\/figcaption><\/figure>\n\n\n\n<p class=\"wp-block-paragraph\">Este a\u00f1o, la exposici\u00f3n abarca&nbsp;<strong>50.000 metros cuadrados<\/strong>&nbsp;y presenta las \u00faltimas&nbsp;<strong>tendencias en cer\u00e1mica, equipamiento para ba\u00f1o, m\u00e1rmol, piedra natural, tecnolog\u00eda y maquinaria para la industria cer\u00e1mica<\/strong>. Desde las primeras horas de la jornada, se ha registrado&nbsp;<strong>una notable afluencia de compradores<\/strong>&nbsp;y un ambiente de negocios din\u00e1mico. Cevisama espera recibir visitantes de&nbsp;<strong>cerca de 150 pa\u00edses<\/strong>.<\/p>\n\n\n\n\t\t\t<div class=\"wp-block-uagb-post-carousel uagb-post-grid  uagb-post__image-position-top uagb-post__image-enabled uagb-block-c569741d     uagb-post__arrow-outside uagb-slick-carousel uagb-post__items uagb-post__columns-3 is-carousel uagb-post__columns-tablet-2 uagb-post__columns-mobile-1\" data-total=\"4\" style=\"\">\n\n\t\t\t\t\t\t\t\t\t\t\t\t<article class=\"uagb-post__inner-wrap\">\t\t\t\t\t\t\t\t<h4 class=\"uagb-post__title uagb-post__text\">\n\t\t\t\t<a href=\"https:\/\/milinmueble.com\/en\/fiesta-y-boda-2026-reunira-en-feria-valencia-propuestas-para-bodas-y-todo-tipo-de-celebraciones\/\" target=\"_self\" rel=\"bookmark noopener noreferrer\">Fiesta y Boda 2026 reunir\u00e1 en Feria Valencia propuestas para bodas y todo tipo de celebraciones<\/a>\n\t\t\t<\/h4>\n\t\t\t\t\t\t<div class='uagb-post__text uagb-post-grid-byline'>\n\t\t\t\t\t\t\t\t<time datetime=\"2026-08-15T16:35:20+02:00\" class=\"uagb-post__date\">\n\t\t\t\t<span class=\"dashicons-calendar dashicons\"><\/span>\t\t\t\t\t15 de August de 2026\t\t\t\t<\/time>\n\t\t\t\t\t\t\t<span class=\"uagb-post__comment\">\n\t\t\t\t<span class=\"dashicons-admin-comments dashicons\"><\/span>\t\t\t\t\tNo Comments\t\t\t\t<\/span>\n\t\t\t\t\t\t<\/div>\n\t\t\t\t\t\t\t<div class='uagb-post__text uagb-post__excerpt'>\n\t\t\t\t\tFiesta y Boda regresar\u00e1 a Feria Valencia del 13 al 15 de noviembre con moda,&#8230;\t\t\t\t<\/div>\n\t\t\t\t\t\t<div class=\"uagb-post__text uagb-post__cta wp-block-button\">\n\t\t\t\t<a class=\"wp-block-button__link uagb-text-link\" style=\"\" href=\"https:\/\/milinmueble.com\/en\/fiesta-y-boda-2026-reunira-en-feria-valencia-propuestas-para-bodas-y-todo-tipo-de-celebraciones\/\" target=\"_self\" rel=\"bookmark noopener noreferrer\">Read More<\/a>\n\t\t\t<\/div>\n\t\t\t\n\t\t\t\t\t\t\t\t\t<\/article>\n\t\t\t\t\t\t\t\t\t\t\t\t\t\t\t\t<article class=\"uagb-post__inner-wrap\">\t\t\t\t\t\t\t\t<h4 class=\"uagb-post__title uagb-post__text\">\n\t\t\t\t<a href=\"https:\/\/milinmueble.com\/en\/iberflora-2026-pone-el-foco-en-la-salud-del-arbolado-y-los-espacios-verdes-urbanos\/\" target=\"_self\" rel=\"bookmark noopener noreferrer\">Iberflora 2026 pone el foco en la salud del arbolado y los espacios verdes urbanos<\/a>\n\t\t\t<\/h4>\n\t\t\t\t\t\t<div class='uagb-post__text uagb-post-grid-byline'>\n\t\t\t\t\t\t\t\t<time datetime=\"2026-08-15T16:35:15+02:00\" class=\"uagb-post__date\">\n\t\t\t\t<span class=\"dashicons-calendar dashicons\"><\/span>\t\t\t\t\t15 de August de 2026\t\t\t\t<\/time>\n\t\t\t\t\t\t\t<span class=\"uagb-post__comment\">\n\t\t\t\t<span class=\"dashicons-admin-comments dashicons\"><\/span>\t\t\t\t\tNo Comments\t\t\t\t<\/span>\n\t\t\t\t\t\t<\/div>\n\t\t\t\t\t\t\t<div class='uagb-post__text uagb-post__excerpt'>\n\t\t\t\t\tEl Foro de BioProtecci\u00f3n Vegetal abordar\u00e1 en Feria Valencia la sanidad del arbolado urbano, el&#8230;\t\t\t\t<\/div>\n\t\t\t\t\t\t<div class=\"uagb-post__text uagb-post__cta wp-block-button\">\n\t\t\t\t<a class=\"wp-block-button__link uagb-text-link\" style=\"\" href=\"https:\/\/milinmueble.com\/en\/iberflora-2026-pone-el-foco-en-la-salud-del-arbolado-y-los-espacios-verdes-urbanos\/\" target=\"_self\" rel=\"bookmark noopener noreferrer\">Read More<\/a>\n\t\t\t<\/div>\n\t\t\t\n\t\t\t\t\t\t\t\t\t<\/article>\n\t\t\t\t\t\t\t\t\t\t\t\t\t\t\t\t<article class=\"uagb-post__inner-wrap\">\t\t\t\t\t\t\t\t<h4 class=\"uagb-post__title uagb-post__text\">\n\t\t\t\t<a href=\"https:\/\/milinmueble.com\/en\/hotel-habitat-2026-propone-una-arquitectura-mas-sensorial-sostenible-y-conectada-con-el-entorno\/\" target=\"_self\" rel=\"bookmark noopener noreferrer\">Hotel H\u00e1bitat 2026 propone una arquitectura m\u00e1s sensorial, sostenible y conectada con el entorno<\/a>\n\t\t\t<\/h4>\n\t\t\t\t\t\t<div class='uagb-post__text uagb-post-grid-byline'>\n\t\t\t\t\t\t\t\t<time datetime=\"2026-08-15T16:34:24+02:00\" class=\"uagb-post__date\">\n\t\t\t\t<span class=\"dashicons-calendar dashicons\"><\/span>\t\t\t\t\t15 de August de 2026\t\t\t\t<\/time>\n\t\t\t\t\t\t\t<span class=\"uagb-post__comment\">\n\t\t\t\t<span class=\"dashicons-admin-comments dashicons\"><\/span>\t\t\t\t\tNo Comments\t\t\t\t<\/span>\n\t\t\t\t\t\t<\/div>\n\t\t\t\t\t\t\t<div class='uagb-post__text uagb-post__excerpt'>\n\t\t\t\t\tJoaqu\u00edn Homs firma Hotel H\u00e1bitat 2026, una instalaci\u00f3n inmersiva de 550 m\u00b2 que explorar\u00e1 nuevas&#8230;\t\t\t\t<\/div>\n\t\t\t\t\t\t<div class=\"uagb-post__text uagb-post__cta wp-block-button\">\n\t\t\t\t<a class=\"wp-block-button__link uagb-text-link\" style=\"\" href=\"https:\/\/milinmueble.com\/en\/hotel-habitat-2026-propone-una-arquitectura-mas-sensorial-sostenible-y-conectada-con-el-entorno\/\" target=\"_self\" rel=\"bookmark noopener noreferrer\">Read More<\/a>\n\t\t\t<\/div>\n\t\t\t\n\t\t\t\t\t\t\t\t\t<\/article>\n\t\t\t\t\t\t\t\t\t\t\t\t\t\t\t\t<article class=\"uagb-post__inner-wrap\">\t\t\t\t\t\t\t\t<h4 class=\"uagb-post__title uagb-post__text\">\n\t\t\t\t<a href=\"https:\/\/milinmueble.com\/en\/fimma-2026-supera-el-93-de-ocupacion-y-prepara-una-gran-oferta-tecnologica-para-la-industria-de-la-madera\/\" target=\"_self\" rel=\"bookmark noopener noreferrer\">FIMMA 2026 supera el 93% de ocupaci\u00f3n y prepara una gran oferta tecnol\u00f3gica para la industria de la madera<\/a>\n\t\t\t<\/h4>\n\t\t\t\t\t\t<div class='uagb-post__text uagb-post-grid-byline'>\n\t\t\t\t\t\t\t\t<time datetime=\"2026-08-15T16:34:18+02:00\" class=\"uagb-post__date\">\n\t\t\t\t<span class=\"dashicons-calendar dashicons\"><\/span>\t\t\t\t\t15 de August de 2026\t\t\t\t<\/time>\n\t\t\t\t\t\t\t<span class=\"uagb-post__comment\">\n\t\t\t\t<span class=\"dashicons-admin-comments dashicons\"><\/span>\t\t\t\t\tNo Comments\t\t\t\t<\/span>\n\t\t\t\t\t\t<\/div>\n\t\t\t\t\t\t\t<div class='uagb-post__text uagb-post__excerpt'>\n\t\t\t\t\tFIMMA 2026 avanza hacia el lleno con cerca de 24.000 m\u00b2 de exposici\u00f3n y una&#8230;\t\t\t\t<\/div>\n\t\t\t\t\t\t<div class=\"uagb-post__text uagb-post__cta wp-block-button\">\n\t\t\t\t<a class=\"wp-block-button__link uagb-text-link\" style=\"\" href=\"https:\/\/milinmueble.com\/en\/fimma-2026-supera-el-93-de-ocupacion-y-prepara-una-gran-oferta-tecnologica-para-la-industria-de-la-madera\/\" target=\"_self\" rel=\"bookmark noopener noreferrer\">Read More<\/a>\n\t\t\t<\/div>\n\t\t\t\n\t\t\t\t\t\t\t\t\t<\/article>\n\t\t\t\t\t\t\t\t\t\t\t\t\t\t\t\t<article class=\"uagb-post__inner-wrap\">\t\t\t\t\t\t\t\t<h4 class=\"uagb-post__title uagb-post__text\">\n\t\t\t\t<a href=\"https:\/\/milinmueble.com\/en\/valencia-inspira-diseno-2026-reunira-arquitectura-interiorismo-contract-e-innovacion-en-feria-valencia\/\" target=\"_self\" rel=\"bookmark noopener noreferrer\">Val\u00e8ncia Inspira Dise\u00f1o 2026 reunir\u00e1 arquitectura, interiorismo, contract e innovaci\u00f3n en Feria Valencia<\/a>\n\t\t\t<\/h4>\n\t\t\t\t\t\t<div class='uagb-post__text uagb-post-grid-byline'>\n\t\t\t\t\t\t\t\t<time datetime=\"2026-08-15T16:34:12+02:00\" class=\"uagb-post__date\">\n\t\t\t\t<span class=\"dashicons-calendar dashicons\"><\/span>\t\t\t\t\t15 de August de 2026\t\t\t\t<\/time>\n\t\t\t\t\t\t\t<span class=\"uagb-post__comment\">\n\t\t\t\t<span class=\"dashicons-admin-comments dashicons\"><\/span>\t\t\t\t\tNo Comments\t\t\t\t<\/span>\n\t\t\t\t\t\t<\/div>\n\t\t\t\t\t\t\t<div class='uagb-post__text uagb-post__excerpt'>\n\t\t\t\t\tFeria Valencia acoger\u00e1 una amplia programaci\u00f3n profesional sobre dise\u00f1o, arquitectura, interiorismo, contract, cocina e innovaci\u00f3n&#8230;\t\t\t\t<\/div>\n\t\t\t\t\t\t<div class=\"uagb-post__text uagb-post__cta wp-block-button\">\n\t\t\t\t<a class=\"wp-block-button__link uagb-text-link\" style=\"\" href=\"https:\/\/milinmueble.com\/en\/valencia-inspira-diseno-2026-reunira-arquitectura-interiorismo-contract-e-innovacion-en-feria-valencia\/\" target=\"_self\" rel=\"bookmark noopener noreferrer\">Read More<\/a>\n\t\t\t<\/div>\n\t\t\t\n\t\t\t\t\t\t\t\t\t<\/article>\n\t\t\t\t\t\t\t\t\t\t\t\t\t\t\t\t<article class=\"uagb-post__inner-wrap\">\t\t\t\t\t\t\t\t<div class='uagb-post__image'>\n\t\t\t\t\t\t\t\t\t<a href=\"https:\/\/milinmueble.com\/en\/construccion-industrializada-europa-mercado-inmobiliario\/\" target=\"_self\" rel=\"bookmark noopener noreferrer\"><img loading=\"lazy\" decoding=\"async\" width=\"749\" height=\"409\" src=\"https:\/\/milinmueble.com\/wp-content\/uploads\/2026\/03\/Foto_SCI_4-1024x559.jpeg\" class=\"attachment-large size-large\" alt=\"La industrializaci\u00f3n de la construcci\u00f3n ya no es el futuro, es el presente. Europa avanza hacia un nuevo modelo inmobiliario basado en la construcci\u00f3n modular, la madera estructural y los procesos automatizados.\" srcset=\"https:\/\/milinmueble.com\/wp-content\/uploads\/2026\/03\/Foto_SCI_4-1024x559.jpeg 1024w, https:\/\/milinmueble.com\/wp-content\/uploads\/2026\/03\/Foto_SCI_4-300x164.jpeg 300w, https:\/\/milinmueble.com\/wp-content\/uploads\/2026\/03\/Foto_SCI_4-768x419.jpeg 768w, https:\/\/milinmueble.com\/wp-content\/uploads\/2026\/03\/Foto_SCI_4-1536x838.jpeg 1536w, https:\/\/milinmueble.com\/wp-content\/uploads\/2026\/03\/Foto_SCI_4-2048x1117.jpeg 2048w, https:\/\/milinmueble.com\/wp-content\/uploads\/2026\/03\/Foto_SCI_4-18x10.jpeg 18w, https:\/\/milinmueble.com\/wp-content\/uploads\/2026\/03\/Foto_SCI_4-600x327.jpeg 600w\" sizes=\"auto, (max-width: 749px) 100vw, 749px\" \/>\t\t\t\t\t<\/a>\n\t\t\t\t\t\t\t\t\t<\/div>\n\t\t\t\t\t\t<h4 class=\"uagb-post__title uagb-post__text\">\n\t\t\t\t<a href=\"https:\/\/milinmueble.com\/en\/construccion-industrializada-europa-mercado-inmobiliario\/\" target=\"_self\" rel=\"bookmark noopener noreferrer\">La construcci\u00f3n industrializada entra en una nueva fase en Europa: el movimiento que puede cambiar el mercado inmobiliario<\/a>\n\t\t\t<\/h4>\n\t\t\t\t\t\t<div class='uagb-post__text uagb-post-grid-byline'>\n\t\t\t\t\t\t\t\t<time datetime=\"2026-03-24T11:00:01+01:00\" class=\"uagb-post__date\">\n\t\t\t\t<span class=\"dashicons-calendar dashicons\"><\/span>\t\t\t\t\t24 de March de 2026\t\t\t\t<\/time>\n\t\t\t\t\t\t\t<span class=\"uagb-post__comment\">\n\t\t\t\t<span class=\"dashicons-admin-comments dashicons\"><\/span>\t\t\t\t\tNo Comments\t\t\t\t<\/span>\n\t\t\t\t\t\t<\/div>\n\t\t\t\t\t\t\t<div class='uagb-post__text uagb-post__excerpt'>\n\t\t\t\t\tEl lanzamiento del Sal\u00f3n de la Construcci\u00f3n Industrializada en Feria Valencia confirma un cambio estructural&#8230;\t\t\t\t<\/div>\n\t\t\t\t\t\t<div class=\"uagb-post__text uagb-post__cta wp-block-button\">\n\t\t\t\t<a class=\"wp-block-button__link uagb-text-link\" style=\"\" href=\"https:\/\/milinmueble.com\/en\/construccion-industrializada-europa-mercado-inmobiliario\/\" target=\"_self\" rel=\"bookmark noopener noreferrer\">Read More<\/a>\n\t\t\t<\/div>\n\t\t\t\n\t\t\t\t\t\t\t\t\t<\/article>\n\t\t\t\t\t\t\t\t\t\t\t<\/div>\n\t\t\t\n\n\n<figure class=\"wp-block-image size-large\"><img loading=\"lazy\" decoding=\"async\" width=\"1024\" height=\"564\" src=\"https:\/\/milinmueble.com\/wp-content\/uploads\/2025\/02\/IMG_402CA47900FA-1-1024x564.jpeg\" alt=\"\" class=\"wp-image-3797\" style=\"aspect-ratio:16\/9;object-fit:cover\" srcset=\"https:\/\/milinmueble.com\/wp-content\/uploads\/2025\/02\/IMG_402CA47900FA-1-1024x564.jpeg 1024w, https:\/\/milinmueble.com\/wp-content\/uploads\/2025\/02\/IMG_402CA47900FA-1-300x165.jpeg 300w, https:\/\/milinmueble.com\/wp-content\/uploads\/2025\/02\/IMG_402CA47900FA-1-768x423.jpeg 768w, https:\/\/milinmueble.com\/wp-content\/uploads\/2025\/02\/IMG_402CA47900FA-1-18x10.jpeg 18w, https:\/\/milinmueble.com\/wp-content\/uploads\/2025\/02\/IMG_402CA47900FA-1-600x331.jpeg 600w, https:\/\/milinmueble.com\/wp-content\/uploads\/2025\/02\/IMG_402CA47900FA-1.jpeg 1125w\" sizes=\"auto, (max-width: 1024px) 100vw, 1024px\" \/><figcaption class=\"wp-element-caption\">Milinmueble <\/figcaption><\/figure>\n\n\n\n<h2 class=\"wp-block-heading\"><strong>Un arranque con fuerza y una apuesta por la calidad<\/strong><\/h2>\n\n\n\n<p class=\"wp-block-paragraph\">Seg\u00fan la&nbsp;<strong>directora de Cevisama, Carmen \u00c1lvarez<\/strong>, la feria ha comenzado con una alta afluencia de compradores que&nbsp;<strong>desde la apertura han comenzado a cerrar negocios con los expositores<\/strong>. Los visitantes han destacado&nbsp;<strong>la calidad e innovaci\u00f3n de los productos<\/strong>&nbsp;presentados, as\u00ed como la ventaja de encontrar en un solo espacio toda la oferta del sector cer\u00e1mico europeo.<\/p>\n\n\n\n<figure class=\"wp-block-image size-large\"><img loading=\"lazy\" decoding=\"async\" width=\"1024\" height=\"561\" src=\"https:\/\/milinmueble.com\/wp-content\/uploads\/2025\/02\/IMG_74FD26809BF7-1-1024x561.jpeg\" alt=\"\" class=\"wp-image-3795\" style=\"aspect-ratio:16\/9;object-fit:cover\" srcset=\"https:\/\/milinmueble.com\/wp-content\/uploads\/2025\/02\/IMG_74FD26809BF7-1-1024x561.jpeg 1024w, https:\/\/milinmueble.com\/wp-content\/uploads\/2025\/02\/IMG_74FD26809BF7-1-300x164.jpeg 300w, https:\/\/milinmueble.com\/wp-content\/uploads\/2025\/02\/IMG_74FD26809BF7-1-768x421.jpeg 768w, https:\/\/milinmueble.com\/wp-content\/uploads\/2025\/02\/IMG_74FD26809BF7-1-18x10.jpeg 18w, https:\/\/milinmueble.com\/wp-content\/uploads\/2025\/02\/IMG_74FD26809BF7-1-600x329.jpeg 600w, https:\/\/milinmueble.com\/wp-content\/uploads\/2025\/02\/IMG_74FD26809BF7-1.jpeg 1125w\" sizes=\"auto, (max-width: 1024px) 100vw, 1024px\" \/><figcaption class=\"wp-element-caption\">Milinmueble <\/figcaption><\/figure>\n\n\n\n<h2 class=\"wp-block-heading\"><strong>Presencia institucional en la inauguraci\u00f3n<\/strong><\/h2>\n\n\n\n<p class=\"wp-block-paragraph\">El evento inaugural ha contado con la participaci\u00f3n de diversas autoridades, encabezadas por la&nbsp;<strong>consellera de Hacienda y Econom\u00eda de la Generalitat Valenciana, Ruth Merino<\/strong>, acompa\u00f1ada por el&nbsp;<strong>conseller de Medio Ambiente, Infraestructuras y Territorio, Vicente Mart\u00ednez<\/strong>, y la&nbsp;<strong>secretaria de Estado de Industria, Rebeca Torr\u00f3<\/strong>. Tambi\u00e9n han estado presentes la&nbsp;<strong>presidenta de la Diputaci\u00f3n de Castell\u00f3n, Marta Barrachina<\/strong>, y la&nbsp;<strong>alcaldesa de Castell\u00f3n, Bego\u00f1a Carrasco<\/strong>.<\/p>\n\n\n\n<figure class=\"wp-block-image size-large\"><img loading=\"lazy\" decoding=\"async\" width=\"1024\" height=\"566\" src=\"https:\/\/milinmueble.com\/wp-content\/uploads\/2025\/02\/IMG_A676A78BDC31-1-1024x566.jpeg\" alt=\"\" class=\"wp-image-3800\" style=\"aspect-ratio:16\/9;object-fit:cover\" srcset=\"https:\/\/milinmueble.com\/wp-content\/uploads\/2025\/02\/IMG_A676A78BDC31-1-1024x566.jpeg 1024w, https:\/\/milinmueble.com\/wp-content\/uploads\/2025\/02\/IMG_A676A78BDC31-1-300x166.jpeg 300w, https:\/\/milinmueble.com\/wp-content\/uploads\/2025\/02\/IMG_A676A78BDC31-1-768x425.jpeg 768w, https:\/\/milinmueble.com\/wp-content\/uploads\/2025\/02\/IMG_A676A78BDC31-1-18x10.jpeg 18w, https:\/\/milinmueble.com\/wp-content\/uploads\/2025\/02\/IMG_A676A78BDC31-1-600x332.jpeg 600w, https:\/\/milinmueble.com\/wp-content\/uploads\/2025\/02\/IMG_A676A78BDC31-1.jpeg 1125w\" sizes=\"auto, (max-width: 1024px) 100vw, 1024px\" \/><figcaption class=\"wp-element-caption\">Milinmueble <\/figcaption><\/figure>\n\n\n\n<p class=\"wp-block-paragraph\">Tras la ceremonia, los representantes han recorrido los pabellones y han visitado una de las principales atracciones de esta edici\u00f3n:&nbsp;<strong>el Hotel Cevisama<\/strong>, una innovadora instalaci\u00f3n de&nbsp;<strong>800 metros cuadrados dise\u00f1ada por el arquitecto H\u00e9ctor Ruiz-Vel\u00e1zquez<\/strong>, que recrea un hotel de lujo con los mejores productos cer\u00e1micos y equipamiento para ba\u00f1o de m\u00e1s de&nbsp;<strong>30 expositores<\/strong>.<\/p>\n\n\n\n<figure class=\"wp-block-image size-large\"><img loading=\"lazy\" decoding=\"async\" width=\"1024\" height=\"566\" src=\"https:\/\/milinmueble.com\/wp-content\/uploads\/2025\/02\/IMG_077CBD175A93-1-1024x566.jpeg\" alt=\"\" class=\"wp-image-3796\" style=\"aspect-ratio:16\/9;object-fit:cover\" srcset=\"https:\/\/milinmueble.com\/wp-content\/uploads\/2025\/02\/IMG_077CBD175A93-1-1024x566.jpeg 1024w, https:\/\/milinmueble.com\/wp-content\/uploads\/2025\/02\/IMG_077CBD175A93-1-300x166.jpeg 300w, https:\/\/milinmueble.com\/wp-content\/uploads\/2025\/02\/IMG_077CBD175A93-1-768x425.jpeg 768w, https:\/\/milinmueble.com\/wp-content\/uploads\/2025\/02\/IMG_077CBD175A93-1-18x10.jpeg 18w, https:\/\/milinmueble.com\/wp-content\/uploads\/2025\/02\/IMG_077CBD175A93-1-600x332.jpeg 600w, https:\/\/milinmueble.com\/wp-content\/uploads\/2025\/02\/IMG_077CBD175A93-1.jpeg 1125w\" sizes=\"auto, (max-width: 1024px) 100vw, 1024px\" \/><figcaption class=\"wp-element-caption\">Milinmueble <\/figcaption><\/figure>\n\n\n\n<h2 class=\"wp-block-heading\"><strong>Foro de Interiorismo, Arquitectura y Contract: Sostenibilidad y tendencias<\/strong><\/h2>\n\n\n\n<p class=\"wp-block-paragraph\">Junto con la exhibici\u00f3n, Cevisama 2025 ha dado inicio al&nbsp;<strong>Foro de Interiorismo, Arquitectura y Contract<\/strong>, donde expertos del sector abordan las \u00faltimas tendencias en el canal&nbsp;<strong>contract<\/strong>&nbsp;o de&nbsp;<strong>hospitality<\/strong>, destacando la sostenibilidad y la industrializaci\u00f3n. Entre los estudios participantes se encuentran&nbsp;<strong>Alfaro-Manrique, TdB Arquitectura, Medrano + S\u00e1ez y TM Grupo Inmobiliario<\/strong>.<\/p>\n\n\n\n<figure class=\"wp-block-image size-large\"><img loading=\"lazy\" decoding=\"async\" width=\"1024\" height=\"776\" src=\"https:\/\/milinmueble.com\/wp-content\/uploads\/2025\/02\/IMG_E53314A98D7A-1-1024x776.jpeg\" alt=\"\" class=\"wp-image-3805\" style=\"aspect-ratio:16\/9;object-fit:cover\" srcset=\"https:\/\/milinmueble.com\/wp-content\/uploads\/2025\/02\/IMG_E53314A98D7A-1-1024x776.jpeg 1024w, https:\/\/milinmueble.com\/wp-content\/uploads\/2025\/02\/IMG_E53314A98D7A-1-300x227.jpeg 300w, https:\/\/milinmueble.com\/wp-content\/uploads\/2025\/02\/IMG_E53314A98D7A-1-768x582.jpeg 768w, https:\/\/milinmueble.com\/wp-content\/uploads\/2025\/02\/IMG_E53314A98D7A-1-16x12.jpeg 16w, https:\/\/milinmueble.com\/wp-content\/uploads\/2025\/02\/IMG_E53314A98D7A-1-600x454.jpeg 600w, https:\/\/milinmueble.com\/wp-content\/uploads\/2025\/02\/IMG_E53314A98D7A-1.jpeg 1125w\" sizes=\"auto, (max-width: 1024px) 100vw, 1024px\" \/><figcaption class=\"wp-element-caption\">Milinmueble <\/figcaption><\/figure>\n\n\n\n<h2 class=\"wp-block-heading\"><strong>Agenda del martes 25 de febrero<\/strong><\/h2>\n\n\n\n<p class=\"wp-block-paragraph\">La jornada del martes traer\u00e1 una intensa programaci\u00f3n con eventos clave para el sector cer\u00e1mico:<\/p>\n\n\n\n<h3 class=\"wp-block-heading\"><strong>Eventos destacados<\/strong><\/h3>\n\n\n\n<ul class=\"wp-block-list\">\n<li><strong>9:00 h.<\/strong>&nbsp;Muestra de alfarer\u00eda y cer\u00e1mica tradicional. Ayuntamiento de Ribesalbes.<\/li>\n\n\n\n<li><strong>10:00 &#8211; 13:00 h.<\/strong>&nbsp;Rehabiforum ANERR: Retos y oportunidades de la nueva directiva europea.<\/li>\n\n\n\n<li><strong>10:15 h.<\/strong>&nbsp;Entrega de premios de interiorismo en stands Cevisama y homenaje al dise\u00f1ador&nbsp;<strong>Antonio Salinas<\/strong>.<\/li>\n\n\n\n<li><strong>10:30 h.<\/strong>&nbsp;Conferencia de prensa internacional ASCER y entrega de los Premios Cer\u00e1mica.<\/li>\n\n\n\n<li><strong>11:00 &#8211; 18:00 h.<\/strong>&nbsp;Foro de Interiorismo, Arquitectura y Contract, con conferencias de destacados arquitectos e interioristas.<\/li>\n\n\n\n<li><strong>13:30 h.<\/strong>&nbsp;Firma del convenio con&nbsp;<strong>ASEBEC<\/strong>&nbsp;para visibilizar la maquinaria cer\u00e1mica.<\/li>\n\n\n\n<li><strong>13:30 h.<\/strong>&nbsp;<strong>Degustaci\u00f3n de paella<\/strong>&nbsp;ofrecida por Cevisama.<\/li>\n\n\n\n<li><strong>19:00 &#8211; 21:30 h.<\/strong>&nbsp;<strong>Entrega de Premios a la Distribuci\u00f3n de Cer\u00e1mica y Ba\u00f1o 2025<\/strong>&nbsp;(acceso con invitaci\u00f3n).<\/li>\n<\/ul>\n\n\n\n<figure class=\"wp-block-image size-large\"><img loading=\"lazy\" decoding=\"async\" width=\"1024\" height=\"576\" src=\"https:\/\/milinmueble.com\/wp-content\/uploads\/2025\/02\/IMG_5913-1024x576.jpg\" alt=\"\" class=\"wp-image-3769\" style=\"aspect-ratio:16\/9;object-fit:cover\" srcset=\"https:\/\/milinmueble.com\/wp-content\/uploads\/2025\/02\/IMG_5913-1024x576.jpg 1024w, https:\/\/milinmueble.com\/wp-content\/uploads\/2025\/02\/IMG_5913-300x169.jpg 300w, https:\/\/milinmueble.com\/wp-content\/uploads\/2025\/02\/IMG_5913-768x432.jpg 768w, https:\/\/milinmueble.com\/wp-content\/uploads\/2025\/02\/IMG_5913-1536x864.jpg 1536w, https:\/\/milinmueble.com\/wp-content\/uploads\/2025\/02\/IMG_5913-2048x1152.jpg 2048w, https:\/\/milinmueble.com\/wp-content\/uploads\/2025\/02\/IMG_5913-18x10.jpg 18w, https:\/\/milinmueble.com\/wp-content\/uploads\/2025\/02\/IMG_5913-600x338.jpg 600w\" sizes=\"auto, (max-width: 1024px) 100vw, 1024px\" \/><figcaption class=\"wp-element-caption\">Milinmueble <\/figcaption><\/figure>\n\n\n\n<h2 class=\"wp-block-heading\"><strong>\u00bfQu\u00e9 es Cevisama?<\/strong><\/h2>\n\n\n\n<p class=\"wp-block-paragraph\"><strong>Cevisama<\/strong>&nbsp;es una de las ferias internacionales m\u00e1s importantes en el sector de la&nbsp;<strong>cer\u00e1mica, el ba\u00f1o, la piedra natural y la maquinaria para la industria cer\u00e1mica<\/strong>. Se celebra anualmente en&nbsp;<strong>Feria Valencia<\/strong>&nbsp;y re\u00fane a fabricantes, distribuidores, arquitectos, dise\u00f1adores y compradores de todo el mundo. Con m\u00e1s de&nbsp;<strong>40 ediciones<\/strong>, Cevisama se ha consolidado como un referente en&nbsp;<strong>innovaci\u00f3n, dise\u00f1o y tendencias<\/strong>, ofreciendo un espacio clave para el networking y los negocios en el \u00e1mbito de la construcci\u00f3n y el interiorismo.<\/p>","protected":false},"excerpt":{"rendered":"<p>Milinmueble estuvo presente en la feria de la cer\u00e1mica en Valencia 2025 para destacar parte del mundo inmobiliario, construcci\u00f3n y el interiorismo, un mercado que va de la mano con el sector de bienes ra\u00edces. <\/p>","protected":false},"author":235586845,"featured_media":3764,"comment_status":"closed","ping_status":"open","sticky":false,"template":"","format":"standard","meta":{"_editorskit_title_hidden":false,"_editorskit_reading_time":0,"_editorskit_is_block_options_detached":false,"_editorskit_block_options_position":"{}","_uag_custom_page_level_css":"","footnotes":""},"categories":[122543,121842,122662],"tags":[122683,122554,122544,122521],"class_list":["post-3761","post","type-post","status-publish","format-standard","has-post-thumbnail","hentry","category-eventos","category-ideas","category-valencia-espana","tag-cevisama","tag-espana","tag-feria-valencia","tag-valencia"],"uagb_featured_image_src":{"full":["https:\/\/milinmueble.com\/wp-content\/uploads\/2025\/02\/DSF9594-1.jpg",2000,1500,false],"thumbnail":["https:\/\/milinmueble.com\/wp-content\/uploads\/2025\/02\/DSF9594-1-150x150.jpg",150,150,true],"medium":["https:\/\/milinmueble.com\/wp-content\/uploads\/2025\/02\/DSF9594-1-300x225.jpg",300,225,true],"medium_large":["https:\/\/milinmueble.com\/wp-content\/uploads\/2025\/02\/DSF9594-1-768x576.jpg",749,562,true],"large":["https:\/\/milinmueble.com\/wp-content\/uploads\/2025\/02\/DSF9594-1-1024x768.jpg",749,562,true],"1536x1536":["https:\/\/milinmueble.com\/wp-content\/uploads\/2025\/02\/DSF9594-1-1536x1152.jpg",1536,1152,true],"2048x2048":["https:\/\/milinmueble.com\/wp-content\/uploads\/2025\/02\/DSF9594-1.jpg",2000,1500,false],"trp-custom-language-flag":["https:\/\/milinmueble.com\/wp-content\/uploads\/2025\/02\/DSF9594-1-16x12.jpg",16,12,true],"hp_square_small":["https:\/\/milinmueble.com\/wp-content\/uploads\/2025\/02\/DSF9594-1-400x400.jpg",400,400,true],"hp_landscape_small":["https:\/\/milinmueble.com\/wp-content\/uploads\/2025\/02\/DSF9594-1-400x300.jpg",400,300,true],"hp_landscape_large":["https:\/\/milinmueble.com\/wp-content\/uploads\/2025\/02\/DSF9594-1-800x600.jpg",800,600,true],"ht_landscape_small":["https:\/\/milinmueble.com\/wp-content\/uploads\/2025\/02\/DSF9594-1-400x300.jpg",400,300,true],"ht_cover_large":["https:\/\/milinmueble.com\/wp-content\/uploads\/2025\/02\/DSF9594-1-1600x800.jpg",1600,800,true],"woocommerce_thumbnail":["https:\/\/milinmueble.com\/wp-content\/uploads\/2025\/02\/DSF9594-1-400x400.jpg",400,400,true],"woocommerce_single":["https:\/\/milinmueble.com\/wp-content\/uploads\/2025\/02\/DSF9594-1-600x450.jpg",600,450,true],"woocommerce_gallery_thumbnail":["https:\/\/milinmueble.com\/wp-content\/uploads\/2025\/02\/DSF9594-1-100x100.jpg",100,100,true]},"uagb_author_info":{"display_name":"milinmueble","author_link":"https:\/\/milinmueble.com\/en\/author\/milinmueble\/"},"uagb_comment_info":0,"uagb_excerpt":"Milinmueble estuvo presente en la feria de la cer\u00e1mica en Valencia 2025 para destacar parte del mundo inmobiliario, construcci\u00f3n y el interiorismo, un mercado que va de la mano con el sector de bienes ra\u00edces.","_links":{"self":[{"href":"https:\/\/milinmueble.com\/en\/wp-json\/wp\/v2\/posts\/3761","targetHints":{"allow":["GET"]}}],"collection":[{"href":"https:\/\/milinmueble.com\/en\/wp-json\/wp\/v2\/posts"}],"about":[{"href":"https:\/\/milinmueble.com\/en\/wp-json\/wp\/v2\/types\/post"}],"author":[{"embeddable":true,"href":"https:\/\/milinmueble.com\/en\/wp-json\/wp\/v2\/users\/235586845"}],"replies":[{"embeddable":true,"href":"https:\/\/milinmueble.com\/en\/wp-json\/wp\/v2\/comments?post=3761"}],"version-history":[{"count":4,"href":"https:\/\/milinmueble.com\/en\/wp-json\/wp\/v2\/posts\/3761\/revisions"}],"predecessor-version":[{"id":3814,"href":"https:\/\/milinmueble.com\/en\/wp-json\/wp\/v2\/posts\/3761\/revisions\/3814"}],"wp:featuredmedia":[{"embeddable":true,"href":"https:\/\/milinmueble.com\/en\/wp-json\/wp\/v2\/media\/3764"}],"wp:attachment":[{"href":"https:\/\/milinmueble.com\/en\/wp-json\/wp\/v2\/media?parent=3761"}],"wp:term":[{"taxonomy":"category","embeddable":true,"href":"https:\/\/milinmueble.com\/en\/wp-json\/wp\/v2\/categories?post=3761"},{"taxonomy":"post_tag","embeddable":true,"href":"https:\/\/milinmueble.com\/en\/wp-json\/wp\/v2\/tags?post=3761"}],"curies":[{"name":"wp","href":"https:\/\/api.w.org\/{rel}","templated":true}]}}