{"id":3829,"date":"2025-02-27T09:56:01","date_gmt":"2025-02-27T08:56:01","guid":{"rendered":"https:\/\/milinmueble.com\/?p=3829"},"modified":"2025-02-27T09:56:03","modified_gmt":"2025-02-27T08:56:03","slug":"cevisama-2025-tendencias-y-novedades-del-sector-ceramico-y-del-bano","status":"publish","type":"post","link":"https:\/\/milinmueble.com\/en\/cevisama-2025-tendencias-y-novedades-del-sector-ceramico-y-del-bano\/","title":{"rendered":"Cevisama 2025: Tendencias y Novedades del Sector Cer\u00e1mico y del Ba\u00f1o"},"content":{"rendered":"<figure class=\"wp-block-image size-large\"><img loading=\"lazy\" decoding=\"async\" width=\"1024\" height=\"768\" src=\"https:\/\/milinmueble.com\/wp-content\/uploads\/2025\/02\/Foto-Grupo-Premios-Distribucion-1024x768.jpg\" alt=\"Cevisama 2025: Tendencias y Novedades del Sector Cer\u00e1mico y del Ba\u00f1o\" class=\"wp-image-3768\" style=\"aspect-ratio:16\/9;object-fit:cover\" srcset=\"https:\/\/milinmueble.com\/wp-content\/uploads\/2025\/02\/Foto-Grupo-Premios-Distribucion-1024x768.jpg 1024w, https:\/\/milinmueble.com\/wp-content\/uploads\/2025\/02\/Foto-Grupo-Premios-Distribucion-300x225.jpg 300w, https:\/\/milinmueble.com\/wp-content\/uploads\/2025\/02\/Foto-Grupo-Premios-Distribucion-768x576.jpg 768w, https:\/\/milinmueble.com\/wp-content\/uploads\/2025\/02\/Foto-Grupo-Premios-Distribucion-1536x1152.jpg 1536w, https:\/\/milinmueble.com\/wp-content\/uploads\/2025\/02\/Foto-Grupo-Premios-Distribucion-16x12.jpg 16w, https:\/\/milinmueble.com\/wp-content\/uploads\/2025\/02\/Foto-Grupo-Premios-Distribucion-400x300.jpg 400w, https:\/\/milinmueble.com\/wp-content\/uploads\/2025\/02\/Foto-Grupo-Premios-Distribucion-800x600.jpg 800w, https:\/\/milinmueble.com\/wp-content\/uploads\/2025\/02\/Foto-Grupo-Premios-Distribucion-600x450.jpg 600w, https:\/\/milinmueble.com\/wp-content\/uploads\/2025\/02\/Foto-Grupo-Premios-Distribucion.jpg 2048w\" sizes=\"auto, (max-width: 1024px) 100vw, 1024px\" \/><figcaption class=\"wp-element-caption\">Feria Valencia <\/figcaption><\/figure>\n\n\n\n<p class=\"wp-block-paragraph\"><strong>La feria l\u00edder en cer\u00e1mica y ba\u00f1o ha iniciado con gran \u00e9xito en Feria Valencia, consolid\u00e1ndose como un referente en interiorismo y arquitectura.<\/strong>&nbsp;La segunda jornada de&nbsp;<strong>Cevisama 2025<\/strong>&nbsp;ha estado marcada por una creciente afluencia de visitantes, la presentaci\u00f3n de innovaciones tecnol\u00f3gicas y el reconocimiento a los mejores stands del evento. Adem\u00e1s, la presencia de figuras clave del sector y autoridades gubernamentales ha reforzado la importancia de esta cita para la industria.<\/p>\n\n\n\n\t\t\t<div class=\"wp-block-uagb-post-carousel uagb-post-grid  uagb-post__image-position-top uagb-post__image-enabled uagb-block-90f95ac8     uagb-post__arrow-outside uagb-slick-carousel uagb-post__items uagb-post__columns-3 is-carousel uagb-post__columns-tablet-2 uagb-post__columns-mobile-1\" data-total=\"4\" style=\"\">\n\n\t\t\t\t\t\t\t\t\t\t\t\t<article class=\"uagb-post__inner-wrap\">\t\t\t\t\t\t\t\t<h4 class=\"uagb-post__title uagb-post__text\">\n\t\t\t\t<a href=\"https:\/\/milinmueble.com\/en\/fiesta-y-boda-2026-reunira-en-feria-valencia-propuestas-para-bodas-y-todo-tipo-de-celebraciones\/\" target=\"_self\" rel=\"bookmark noopener noreferrer\">Fiesta y Boda 2026 reunir\u00e1 en Feria Valencia propuestas para bodas y todo tipo de celebraciones<\/a>\n\t\t\t<\/h4>\n\t\t\t\t\t\t<div class='uagb-post__text uagb-post-grid-byline'>\n\t\t\t\t\t\t\t\t<time datetime=\"2026-08-15T16:35:20+02:00\" class=\"uagb-post__date\">\n\t\t\t\t<span class=\"dashicons-calendar dashicons\"><\/span>\t\t\t\t\t15 de August de 2026\t\t\t\t<\/time>\n\t\t\t\t\t\t\t<span class=\"uagb-post__comment\">\n\t\t\t\t<span class=\"dashicons-admin-comments dashicons\"><\/span>\t\t\t\t\tNo Comments\t\t\t\t<\/span>\n\t\t\t\t\t\t<\/div>\n\t\t\t\t\t\t\t<div class='uagb-post__text uagb-post__excerpt'>\n\t\t\t\t\tFiesta y Boda regresar\u00e1 a Feria Valencia del 13 al 15 de noviembre con moda,&#8230;\t\t\t\t<\/div>\n\t\t\t\t\t\t<div class=\"uagb-post__text uagb-post__cta wp-block-button\">\n\t\t\t\t<a class=\"wp-block-button__link uagb-text-link\" style=\"\" href=\"https:\/\/milinmueble.com\/en\/fiesta-y-boda-2026-reunira-en-feria-valencia-propuestas-para-bodas-y-todo-tipo-de-celebraciones\/\" target=\"_self\" rel=\"bookmark noopener noreferrer\">Read More<\/a>\n\t\t\t<\/div>\n\t\t\t\n\t\t\t\t\t\t\t\t\t<\/article>\n\t\t\t\t\t\t\t\t\t\t\t\t\t\t\t\t<article class=\"uagb-post__inner-wrap\">\t\t\t\t\t\t\t\t<h4 class=\"uagb-post__title uagb-post__text\">\n\t\t\t\t<a href=\"https:\/\/milinmueble.com\/en\/iberflora-2026-pone-el-foco-en-la-salud-del-arbolado-y-los-espacios-verdes-urbanos\/\" target=\"_self\" rel=\"bookmark noopener noreferrer\">Iberflora 2026 pone el foco en la salud del arbolado y los espacios verdes urbanos<\/a>\n\t\t\t<\/h4>\n\t\t\t\t\t\t<div class='uagb-post__text uagb-post-grid-byline'>\n\t\t\t\t\t\t\t\t<time datetime=\"2026-08-15T16:35:15+02:00\" class=\"uagb-post__date\">\n\t\t\t\t<span class=\"dashicons-calendar dashicons\"><\/span>\t\t\t\t\t15 de August de 2026\t\t\t\t<\/time>\n\t\t\t\t\t\t\t<span class=\"uagb-post__comment\">\n\t\t\t\t<span class=\"dashicons-admin-comments dashicons\"><\/span>\t\t\t\t\tNo Comments\t\t\t\t<\/span>\n\t\t\t\t\t\t<\/div>\n\t\t\t\t\t\t\t<div class='uagb-post__text uagb-post__excerpt'>\n\t\t\t\t\tEl Foro de BioProtecci\u00f3n Vegetal abordar\u00e1 en Feria Valencia la sanidad del arbolado urbano, el&#8230;\t\t\t\t<\/div>\n\t\t\t\t\t\t<div class=\"uagb-post__text uagb-post__cta wp-block-button\">\n\t\t\t\t<a class=\"wp-block-button__link uagb-text-link\" style=\"\" href=\"https:\/\/milinmueble.com\/en\/iberflora-2026-pone-el-foco-en-la-salud-del-arbolado-y-los-espacios-verdes-urbanos\/\" target=\"_self\" rel=\"bookmark noopener noreferrer\">Read More<\/a>\n\t\t\t<\/div>\n\t\t\t\n\t\t\t\t\t\t\t\t\t<\/article>\n\t\t\t\t\t\t\t\t\t\t\t\t\t\t\t\t<article class=\"uagb-post__inner-wrap\">\t\t\t\t\t\t\t\t<h4 class=\"uagb-post__title uagb-post__text\">\n\t\t\t\t<a href=\"https:\/\/milinmueble.com\/en\/hotel-habitat-2026-propone-una-arquitectura-mas-sensorial-sostenible-y-conectada-con-el-entorno\/\" target=\"_self\" rel=\"bookmark noopener noreferrer\">Hotel H\u00e1bitat 2026 propone una arquitectura m\u00e1s sensorial, sostenible y conectada con el entorno<\/a>\n\t\t\t<\/h4>\n\t\t\t\t\t\t<div class='uagb-post__text uagb-post-grid-byline'>\n\t\t\t\t\t\t\t\t<time datetime=\"2026-08-15T16:34:24+02:00\" class=\"uagb-post__date\">\n\t\t\t\t<span class=\"dashicons-calendar dashicons\"><\/span>\t\t\t\t\t15 de August de 2026\t\t\t\t<\/time>\n\t\t\t\t\t\t\t<span class=\"uagb-post__comment\">\n\t\t\t\t<span class=\"dashicons-admin-comments dashicons\"><\/span>\t\t\t\t\tNo Comments\t\t\t\t<\/span>\n\t\t\t\t\t\t<\/div>\n\t\t\t\t\t\t\t<div class='uagb-post__text uagb-post__excerpt'>\n\t\t\t\t\tJoaqu\u00edn Homs firma Hotel H\u00e1bitat 2026, una instalaci\u00f3n inmersiva de 550 m\u00b2 que explorar\u00e1 nuevas&#8230;\t\t\t\t<\/div>\n\t\t\t\t\t\t<div class=\"uagb-post__text uagb-post__cta wp-block-button\">\n\t\t\t\t<a class=\"wp-block-button__link uagb-text-link\" style=\"\" href=\"https:\/\/milinmueble.com\/en\/hotel-habitat-2026-propone-una-arquitectura-mas-sensorial-sostenible-y-conectada-con-el-entorno\/\" target=\"_self\" rel=\"bookmark noopener noreferrer\">Read More<\/a>\n\t\t\t<\/div>\n\t\t\t\n\t\t\t\t\t\t\t\t\t<\/article>\n\t\t\t\t\t\t\t\t\t\t\t\t\t\t\t\t<article class=\"uagb-post__inner-wrap\">\t\t\t\t\t\t\t\t<h4 class=\"uagb-post__title uagb-post__text\">\n\t\t\t\t<a href=\"https:\/\/milinmueble.com\/en\/fimma-2026-supera-el-93-de-ocupacion-y-prepara-una-gran-oferta-tecnologica-para-la-industria-de-la-madera\/\" target=\"_self\" rel=\"bookmark noopener noreferrer\">FIMMA 2026 supera el 93% de ocupaci\u00f3n y prepara una gran oferta tecnol\u00f3gica para la industria de la madera<\/a>\n\t\t\t<\/h4>\n\t\t\t\t\t\t<div class='uagb-post__text uagb-post-grid-byline'>\n\t\t\t\t\t\t\t\t<time datetime=\"2026-08-15T16:34:18+02:00\" class=\"uagb-post__date\">\n\t\t\t\t<span class=\"dashicons-calendar dashicons\"><\/span>\t\t\t\t\t15 de August de 2026\t\t\t\t<\/time>\n\t\t\t\t\t\t\t<span class=\"uagb-post__comment\">\n\t\t\t\t<span class=\"dashicons-admin-comments dashicons\"><\/span>\t\t\t\t\tNo Comments\t\t\t\t<\/span>\n\t\t\t\t\t\t<\/div>\n\t\t\t\t\t\t\t<div class='uagb-post__text uagb-post__excerpt'>\n\t\t\t\t\tFIMMA 2026 avanza hacia el lleno con cerca de 24.000 m\u00b2 de exposici\u00f3n y una&#8230;\t\t\t\t<\/div>\n\t\t\t\t\t\t<div class=\"uagb-post__text uagb-post__cta wp-block-button\">\n\t\t\t\t<a class=\"wp-block-button__link uagb-text-link\" style=\"\" href=\"https:\/\/milinmueble.com\/en\/fimma-2026-supera-el-93-de-ocupacion-y-prepara-una-gran-oferta-tecnologica-para-la-industria-de-la-madera\/\" target=\"_self\" rel=\"bookmark noopener noreferrer\">Read More<\/a>\n\t\t\t<\/div>\n\t\t\t\n\t\t\t\t\t\t\t\t\t<\/article>\n\t\t\t\t\t\t\t\t\t\t\t\t\t\t\t\t<article class=\"uagb-post__inner-wrap\">\t\t\t\t\t\t\t\t<h4 class=\"uagb-post__title uagb-post__text\">\n\t\t\t\t<a href=\"https:\/\/milinmueble.com\/en\/valencia-inspira-diseno-2026-reunira-arquitectura-interiorismo-contract-e-innovacion-en-feria-valencia\/\" target=\"_self\" rel=\"bookmark noopener noreferrer\">Val\u00e8ncia Inspira Dise\u00f1o 2026 reunir\u00e1 arquitectura, interiorismo, contract e innovaci\u00f3n en Feria Valencia<\/a>\n\t\t\t<\/h4>\n\t\t\t\t\t\t<div class='uagb-post__text uagb-post-grid-byline'>\n\t\t\t\t\t\t\t\t<time datetime=\"2026-08-15T16:34:12+02:00\" class=\"uagb-post__date\">\n\t\t\t\t<span class=\"dashicons-calendar dashicons\"><\/span>\t\t\t\t\t15 de August de 2026\t\t\t\t<\/time>\n\t\t\t\t\t\t\t<span class=\"uagb-post__comment\">\n\t\t\t\t<span class=\"dashicons-admin-comments dashicons\"><\/span>\t\t\t\t\tNo Comments\t\t\t\t<\/span>\n\t\t\t\t\t\t<\/div>\n\t\t\t\t\t\t\t<div class='uagb-post__text uagb-post__excerpt'>\n\t\t\t\t\tFeria Valencia acoger\u00e1 una amplia programaci\u00f3n profesional sobre dise\u00f1o, arquitectura, interiorismo, contract, cocina e innovaci\u00f3n&#8230;\t\t\t\t<\/div>\n\t\t\t\t\t\t<div class=\"uagb-post__text uagb-post__cta wp-block-button\">\n\t\t\t\t<a class=\"wp-block-button__link uagb-text-link\" style=\"\" href=\"https:\/\/milinmueble.com\/en\/valencia-inspira-diseno-2026-reunira-arquitectura-interiorismo-contract-e-innovacion-en-feria-valencia\/\" target=\"_self\" rel=\"bookmark noopener noreferrer\">Read More<\/a>\n\t\t\t<\/div>\n\t\t\t\n\t\t\t\t\t\t\t\t\t<\/article>\n\t\t\t\t\t\t\t\t\t\t\t\t\t\t\t\t<article class=\"uagb-post__inner-wrap\">\t\t\t\t\t\t\t\t<div class='uagb-post__image'>\n\t\t\t\t\t\t\t\t\t<a href=\"https:\/\/milinmueble.com\/en\/construccion-industrializada-europa-mercado-inmobiliario\/\" target=\"_self\" rel=\"bookmark noopener noreferrer\"><img loading=\"lazy\" decoding=\"async\" width=\"749\" height=\"409\" src=\"https:\/\/milinmueble.com\/wp-content\/uploads\/2026\/03\/Foto_SCI_4-1024x559.jpeg\" class=\"attachment-large size-large\" alt=\"La industrializaci\u00f3n de la construcci\u00f3n ya no es el futuro, es el presente. Europa avanza hacia un nuevo modelo inmobiliario basado en la construcci\u00f3n modular, la madera estructural y los procesos automatizados.\" srcset=\"https:\/\/milinmueble.com\/wp-content\/uploads\/2026\/03\/Foto_SCI_4-1024x559.jpeg 1024w, https:\/\/milinmueble.com\/wp-content\/uploads\/2026\/03\/Foto_SCI_4-300x164.jpeg 300w, https:\/\/milinmueble.com\/wp-content\/uploads\/2026\/03\/Foto_SCI_4-768x419.jpeg 768w, https:\/\/milinmueble.com\/wp-content\/uploads\/2026\/03\/Foto_SCI_4-1536x838.jpeg 1536w, https:\/\/milinmueble.com\/wp-content\/uploads\/2026\/03\/Foto_SCI_4-2048x1117.jpeg 2048w, https:\/\/milinmueble.com\/wp-content\/uploads\/2026\/03\/Foto_SCI_4-18x10.jpeg 18w, https:\/\/milinmueble.com\/wp-content\/uploads\/2026\/03\/Foto_SCI_4-600x327.jpeg 600w\" sizes=\"auto, (max-width: 749px) 100vw, 749px\" \/>\t\t\t\t\t<\/a>\n\t\t\t\t\t\t\t\t\t<\/div>\n\t\t\t\t\t\t<h4 class=\"uagb-post__title uagb-post__text\">\n\t\t\t\t<a href=\"https:\/\/milinmueble.com\/en\/construccion-industrializada-europa-mercado-inmobiliario\/\" target=\"_self\" rel=\"bookmark noopener noreferrer\">La construcci\u00f3n industrializada entra en una nueva fase en Europa: el movimiento que puede cambiar el mercado inmobiliario<\/a>\n\t\t\t<\/h4>\n\t\t\t\t\t\t<div class='uagb-post__text uagb-post-grid-byline'>\n\t\t\t\t\t\t\t\t<time datetime=\"2026-03-24T11:00:01+01:00\" class=\"uagb-post__date\">\n\t\t\t\t<span class=\"dashicons-calendar dashicons\"><\/span>\t\t\t\t\t24 de March de 2026\t\t\t\t<\/time>\n\t\t\t\t\t\t\t<span class=\"uagb-post__comment\">\n\t\t\t\t<span class=\"dashicons-admin-comments dashicons\"><\/span>\t\t\t\t\tNo Comments\t\t\t\t<\/span>\n\t\t\t\t\t\t<\/div>\n\t\t\t\t\t\t\t<div class='uagb-post__text uagb-post__excerpt'>\n\t\t\t\t\tEl lanzamiento del Sal\u00f3n de la Construcci\u00f3n Industrializada en Feria Valencia confirma un cambio estructural&#8230;\t\t\t\t<\/div>\n\t\t\t\t\t\t<div class=\"uagb-post__text uagb-post__cta wp-block-button\">\n\t\t\t\t<a class=\"wp-block-button__link uagb-text-link\" style=\"\" href=\"https:\/\/milinmueble.com\/en\/construccion-industrializada-europa-mercado-inmobiliario\/\" target=\"_self\" rel=\"bookmark noopener noreferrer\">Read More<\/a>\n\t\t\t<\/div>\n\t\t\t\n\t\t\t\t\t\t\t\t\t<\/article>\n\t\t\t\t\t\t\t\t\t\t\t<\/div>\n\t\t\t\n\n\n<h2 class=\"wp-block-heading\"><strong>Tendencias en cer\u00e1mica y ba\u00f1o para 2025<\/strong><\/h2>\n\n\n\n<p class=\"wp-block-paragraph\">La cer\u00e1mica se consolida como un elemento imprescindible en los proyectos de interiorismo, decoraci\u00f3n y arquitectura. En esta edici\u00f3n de&nbsp;<strong>Cevisama<\/strong>, las tendencias m\u00e1s destacadas incluyen:<\/p>\n\n\n\n<ul class=\"wp-block-list\">\n<li><strong>Texturas y rugosidades<\/strong>\u00a0inspiradas en la piedra natural.<\/li>\n\n\n\n<li><strong>Combinaci\u00f3n de materiales<\/strong>\u00a0como la madera y el m\u00e1rmol en una misma composici\u00f3n.<\/li>\n\n\n\n<li><strong>Azulejo hidr\u00e1ulico en m\u00faltiples formatos<\/strong>\u00a0que aportan dinamismo a los espacios.<\/li>\n\n\n\n<li><strong>Continuidad en las vetas<\/strong>\u00a0de las superficies cer\u00e1micas para mayor realismo.<\/li>\n\n\n\n<li><strong>Soluciones para piscinas y exteriores<\/strong>, con pelda\u00f1os antideslizantes.<\/li>\n\n\n\n<li><strong>Regreso de los estilos de los a\u00f1os 70<\/strong>, con colores t\u00e9rreos y ambientes r\u00fasticos y mediterr\u00e1neos.<\/li>\n<\/ul>\n\n\n\n<figure class=\"wp-block-image size-full\"><img loading=\"lazy\" decoding=\"async\" width=\"1010\" height=\"681\" src=\"https:\/\/milinmueble.com\/wp-content\/uploads\/2025\/02\/IMG_30FFE4CBCA45-1.jpeg\" alt=\"Innovaci\u00f3n en el sector del ba\u00f1o Cevisama 2025 \" class=\"wp-image-3794\" style=\"aspect-ratio:16\/9;object-fit:cover\" srcset=\"https:\/\/milinmueble.com\/wp-content\/uploads\/2025\/02\/IMG_30FFE4CBCA45-1.jpeg 1010w, https:\/\/milinmueble.com\/wp-content\/uploads\/2025\/02\/IMG_30FFE4CBCA45-1-300x202.jpeg 300w, https:\/\/milinmueble.com\/wp-content\/uploads\/2025\/02\/IMG_30FFE4CBCA45-1-768x518.jpeg 768w, https:\/\/milinmueble.com\/wp-content\/uploads\/2025\/02\/IMG_30FFE4CBCA45-1-18x12.jpeg 18w, https:\/\/milinmueble.com\/wp-content\/uploads\/2025\/02\/IMG_30FFE4CBCA45-1-600x405.jpeg 600w\" sizes=\"auto, (max-width: 1010px) 100vw, 1010px\" \/><figcaption class=\"wp-element-caption\">Milinmueble <\/figcaption><\/figure>\n\n\n\n<h3 class=\"wp-block-heading\"><strong>Innovaci\u00f3n en el sector del ba\u00f1o<\/strong><\/h3>\n\n\n\n<p class=\"wp-block-paragraph\">El ba\u00f1o se transforma en un espacio inteligente gracias a la incorporaci\u00f3n de tecnolog\u00edas avanzadas:<\/p>\n\n\n\n<ul class=\"wp-block-list\">\n<li><strong>Espejos con conectividad Bluetooth<\/strong>\u00a0e integraci\u00f3n con asistentes como Alexa.<\/li>\n\n\n\n<li><strong>Grifer\u00eda y sistemas de ducha con ahorro de agua<\/strong>, optimizando el consumo sin perder funcionalidad.<\/li>\n\n\n\n<li><strong>Sanitarios con tecnolog\u00eda asi\u00e1tica<\/strong>, ofreciendo mayor higiene y comodidad.<\/li>\n<\/ul>\n\n\n\n<p class=\"wp-block-paragraph\">Adem\u00e1s, la maquinaria para la industria cer\u00e1mica apuesta por la&nbsp;<strong>Industria 5.0<\/strong>, integrando soluciones de gran formato en mecanizado y corte para mejorar la producci\u00f3n.<\/p>\n\n\n\n<figure class=\"wp-block-image size-large\"><img loading=\"lazy\" decoding=\"async\" width=\"1024\" height=\"568\" src=\"https:\/\/milinmueble.com\/wp-content\/uploads\/2025\/02\/IMG_C7AE7E9849A1-1-1024x568.jpeg\" alt=\"Hotel Cevisama: La gran atracci\u00f3n de la feria\" class=\"wp-image-3803\" style=\"aspect-ratio:16\/9;object-fit:cover\" srcset=\"https:\/\/milinmueble.com\/wp-content\/uploads\/2025\/02\/IMG_C7AE7E9849A1-1-1024x568.jpeg 1024w, https:\/\/milinmueble.com\/wp-content\/uploads\/2025\/02\/IMG_C7AE7E9849A1-1-300x166.jpeg 300w, https:\/\/milinmueble.com\/wp-content\/uploads\/2025\/02\/IMG_C7AE7E9849A1-1-768x426.jpeg 768w, https:\/\/milinmueble.com\/wp-content\/uploads\/2025\/02\/IMG_C7AE7E9849A1-1-18x10.jpeg 18w, https:\/\/milinmueble.com\/wp-content\/uploads\/2025\/02\/IMG_C7AE7E9849A1-1-600x333.jpeg 600w, https:\/\/milinmueble.com\/wp-content\/uploads\/2025\/02\/IMG_C7AE7E9849A1-1.jpeg 1125w\" sizes=\"auto, (max-width: 1024px) 100vw, 1024px\" \/><figcaption class=\"wp-element-caption\">Milinmueble <\/figcaption><\/figure>\n\n\n\n<h2 class=\"wp-block-heading\"><strong>Hotel Cevisama: La gran atracci\u00f3n de la feria<\/strong><\/h2>\n\n\n\n<p class=\"wp-block-paragraph\">El&nbsp;<strong>Hotel Cevisama<\/strong>, un espacio de&nbsp;<strong>800 m\u00b2<\/strong>&nbsp;dise\u00f1ado por el arquitecto&nbsp;<strong>H\u00e9ctor Ruiz-Vel\u00e1zquez<\/strong>, est\u00e1 captando la atenci\u00f3n de los visitantes. Ubicado en el&nbsp;<strong>pabell\u00f3n 3<\/strong>, este innovador proyecto recrea un hotel de lujo con&nbsp;<strong>suites, hall exterior con piscina y spa, y zonas de bar y conferencias<\/strong>, mostrando c\u00f3mo la cer\u00e1mica y el ba\u00f1o pueden elevar la experiencia en el sector&nbsp;<strong>contract<\/strong>. M\u00e1s de&nbsp;<strong>30 empresas expositoras<\/strong>&nbsp;han colaborado en su construcci\u00f3n.<\/p>\n\n\n\n<figure class=\"wp-block-image size-large\"><img loading=\"lazy\" decoding=\"async\" width=\"1024\" height=\"768\" src=\"https:\/\/milinmueble.com\/wp-content\/uploads\/2025\/02\/54353314880_360b21166c_k-1024x768.jpg\" alt=\"Premios a los mejores stands de Cevisama 2025\" class=\"wp-image-3767\" style=\"aspect-ratio:16\/9;object-fit:cover\" srcset=\"https:\/\/milinmueble.com\/wp-content\/uploads\/2025\/02\/54353314880_360b21166c_k-1024x768.jpg 1024w, https:\/\/milinmueble.com\/wp-content\/uploads\/2025\/02\/54353314880_360b21166c_k-300x225.jpg 300w, https:\/\/milinmueble.com\/wp-content\/uploads\/2025\/02\/54353314880_360b21166c_k-768x576.jpg 768w, https:\/\/milinmueble.com\/wp-content\/uploads\/2025\/02\/54353314880_360b21166c_k-1536x1152.jpg 1536w, https:\/\/milinmueble.com\/wp-content\/uploads\/2025\/02\/54353314880_360b21166c_k-16x12.jpg 16w, https:\/\/milinmueble.com\/wp-content\/uploads\/2025\/02\/54353314880_360b21166c_k-400x300.jpg 400w, https:\/\/milinmueble.com\/wp-content\/uploads\/2025\/02\/54353314880_360b21166c_k-800x600.jpg 800w, https:\/\/milinmueble.com\/wp-content\/uploads\/2025\/02\/54353314880_360b21166c_k-600x450.jpg 600w, https:\/\/milinmueble.com\/wp-content\/uploads\/2025\/02\/54353314880_360b21166c_k.jpg 2048w\" sizes=\"auto, (max-width: 1024px) 100vw, 1024px\" \/><figcaption class=\"wp-element-caption\">Feria Valencia <\/figcaption><\/figure>\n\n\n\n<h2 class=\"wp-block-heading\"><strong>Premios a los mejores stands de Cevisama 2025<\/strong><\/h2>\n\n\n\n<p class=\"wp-block-paragraph\">El&nbsp;<strong>Colegio de Dise\u00f1adores de Interior de la Comunitat Valenciana (CDICV)<\/strong>&nbsp;ha premiado a los stands m\u00e1s destacados de la feria:<\/p>\n\n\n\n<ul class=\"wp-block-list\">\n<li><strong>Primer premio<\/strong>: Stand de\u00a0<strong>Peronda Group<\/strong>.<\/li>\n\n\n\n<li><strong>Segundo premio<\/strong>: Stand de\u00a0<strong>Arcana<\/strong>.<\/li>\n\n\n\n<li><strong>Tercer premio<\/strong>: Stand de\u00a0<strong>Exagres<\/strong>.<\/li>\n\n\n\n<li><strong>Menciones especiales<\/strong>: Stands de\u00a0<strong>Cevica<\/strong>\u00a0y\u00a0<strong>Natucer<\/strong>.<\/li>\n<\/ul>\n\n\n\n<p class=\"wp-block-paragraph\">Adem\u00e1s, el CDICV ha rendido homenaje al interiorista&nbsp;<strong>Antonio Salinas<\/strong>, reconociendo su trayectoria y contribuci\u00f3n al sector.<\/p>\n\n\n\n<figure class=\"wp-block-image size-large\"><img decoding=\"async\" src=\"https:\/\/cevisama.feriavalencia.com\/wp-content\/uploads\/2025\/02\/photo_2025-02-24_17-19-53-1086x484.jpg\" alt=\"\" style=\"aspect-ratio:16\/9;object-fit:cover\"\/><figcaption class=\"wp-element-caption\">Feria Valencia <\/figcaption><\/figure>\n\n\n\n<figure class=\"wp-block-embed is-type-photo is-provider-flickr wp-block-embed-flickr\"><div class=\"wp-block-embed__wrapper\">\n<a href=\"https:\/\/flic.kr\/p\/2qNK7Dq\"><img loading=\"lazy\" decoding=\"async\" src=\"https:\/\/live.staticflickr.com\/65535\/54350225962_65d6f6c6a7_z.jpg\" alt=\"_MSR2445\" width=\"640\" height=\"480\" \/><\/a>\n<\/div><figcaption class=\"wp-element-caption\">Feria Valencia, Presidente de la Comunidad Valenciana, Carlos Maz\u00f3n <\/figcaption><\/figure>\n\n\n\n<h2 class=\"wp-block-heading\"><strong>Visitas institucionales: Maz\u00f3n y Cano en Cevisama<\/strong><\/h2>\n\n\n\n<p class=\"wp-block-paragraph\">Cevisama ha recibido la visita de dos figuras clave en la gesti\u00f3n p\u00fablica:<\/p>\n\n\n\n<ul class=\"wp-block-list\">\n<li><strong>Carlos Maz\u00f3n<\/strong>, presidente de la Generalitat Valenciana, recorri\u00f3 la feria para conocer de cerca las innovaciones del sector.<\/li>\n\n\n\n<li><strong>Marian Cano<\/strong>, consellera de Innovaci\u00f3n, Industria, Turismo y Comercio y presidenta de Feria Valencia, tambi\u00e9n visit\u00f3 el evento, destacando su impacto en la econom\u00eda regional.<\/li>\n<\/ul>\n\n\n\n<figure class=\"wp-block-embed is-type-photo is-provider-flickr wp-block-embed-flickr\"><div class=\"wp-block-embed__wrapper\">\n<a href=\"https:\/\/flic.kr\/p\/2qNRLki\"><img loading=\"lazy\" decoding=\"async\" src=\"https:\/\/live.staticflickr.com\/65535\/54351523415_bdbc1a3985_z.jpg\" alt=\"_MSR2621\" width=\"640\" height=\"480\" \/><\/a>\n<\/div><figcaption class=\"wp-element-caption\">Feria Valencia <\/figcaption><\/figure>\n\n\n\n<h2 class=\"wp-block-heading\"><strong>Foro de Interiorismo, Arquitectura y Contract: Reflexi\u00f3n sobre la DANA<\/strong><\/h2>\n\n\n\n<p class=\"wp-block-paragraph\">El&nbsp;<strong>Foro de Interiorismo, Arquitectura y Contract<\/strong>&nbsp;reuni\u00f3 a expertos como&nbsp;<strong>Javier Jim\u00e9nez (Studio Animal), Leyre Ortu\u00f1o y Juan Luis Medina (Mil Studios), y Jaime Sanahuja<\/strong>, abordando las tendencias y desaf\u00edos del sector.<\/p>\n\n\n\n<p class=\"wp-block-paragraph\">Uno de los temas m\u00e1s relevantes fue el&nbsp;<strong>impacto de la DANA en la edificaci\u00f3n<\/strong>, con la participaci\u00f3n del arquitecto municipal de Paiporta,&nbsp;<strong>Sergio Cebri\u00e1n<\/strong>, quien analiz\u00f3 los retos de la construcci\u00f3n ante fen\u00f3menos clim\u00e1ticos extremos.<\/p>\n\n\n\n<h2 class=\"wp-block-heading\"><strong>Rehabiforum de ANERR: Eficiencia energ\u00e9tica y sostenibilidad<\/strong><\/h2>\n\n\n\n<p class=\"wp-block-paragraph\">Durante la jornada, se celebr\u00f3 el&nbsp;<strong>Rehabiforum<\/strong>&nbsp;de la Asociaci\u00f3n Nacional de Empresas de Rehabilitaci\u00f3n y Reforma (ANERR), donde se discutieron los retos y oportunidades de la&nbsp;<strong>Directiva Europea de Eficiencia Energ\u00e9tica en Edificios (EPBD)<\/strong>.<\/p>\n\n\n\n<p class=\"wp-block-paragraph\">En este espacio, se destacaron casos de \u00e9xito de empresas que han implementado&nbsp;<strong>soluciones innovadoras y sostenibles<\/strong>, demostrando que la eficiencia energ\u00e9tica es clave para el futuro del sector.<\/p>\n\n\n\n<figure class=\"wp-block-embed is-type-video is-provider-youtube wp-block-embed-youtube wp-embed-aspect-16-9 wp-has-aspect-ratio\"><div class=\"wp-block-embed__wrapper\">\n<iframe loading=\"lazy\" title=\"Cevisama 2025 in Valencia, Spain.\" width=\"749\" height=\"421\" src=\"https:\/\/www.youtube.com\/embed\/iZYhWqBkFZY?feature=oembed\" frameborder=\"0\" allow=\"accelerometer; autoplay; clipboard-write; encrypted-media; gyroscope; picture-in-picture; web-share\" referrerpolicy=\"strict-origin-when-cross-origin\" allowfullscreen><\/iframe>\n<\/div><figcaption class=\"wp-element-caption\">VIDEO CEVISAMA 2025 <\/figcaption><\/figure>\n\n\n\n<h2 class=\"wp-block-heading\"><strong>Agenda de eventos destacados \u2013 Mi\u00e9rcoles 26 de febrero<\/strong><\/h2>\n\n\n\n<p class=\"wp-block-paragraph\">La tercera jornada de&nbsp;<strong>Cevisama 2025<\/strong>&nbsp;traer\u00e1 una serie de conferencias y presentaciones relevantes para profesionales del sector:<\/p>\n\n\n\n<h3 class=\"wp-block-heading\"><strong>Eventos clave del d\u00eda<\/strong><\/h3>\n\n\n\n<ul class=\"wp-block-list\">\n<li><strong>10:00 h.<\/strong>\u00a0Destaca en ruta 2025 (Ayuntamiento de Vila-real).<\/li>\n\n\n\n<li><strong>10:00 h. \u2013 11:00 h.<\/strong>\u00a0AIDIMME Innovaci\u00f3n I+D sobre certificaciones y normativas.<\/li>\n\n\n\n<li><strong>10:00 h. \u2013 10:40 h.<\/strong>\u00a0Pavimentos, revestimientos y superficies antibacterianas.<\/li>\n\n\n\n<li><strong>11:00 h.<\/strong>\u00a0Presentaci\u00f3n\u00a0<strong>\u00abL\u2019Alcora, tres segles liderant la cer\u00e1mica\u00bb<\/strong>.<\/li>\n\n\n\n<li><strong>11:00 h. \u2013 18:00 h.<\/strong>\u00a0<strong>Foro de Interiorismo, Arquitectura y Contract<\/strong>, con conferencias de\u00a0<strong>Natali Canas, Eva Prego y Cutu Mazuelos, Amparo Taylor y Manel Lozano<\/strong>.<\/li>\n\n\n\n<li><strong>11:30 h.<\/strong>\u00a0<strong>Premio Nacional de Cer\u00e1mica \u00abCiutat de Castell\u00f3\u00bb 2024<\/strong>.<\/li>\n\n\n\n<li><strong>12:00 h.<\/strong>\u00a0D\u00eda del Ladrillo en\u00a0<strong>Cevisama 2025<\/strong>.<\/li>\n\n\n\n<li><strong>13:30 h.<\/strong>\u00a0<strong>Degustaci\u00f3n de Paella<\/strong>, entre los pabellones 3 y 4.<\/li>\n<\/ul>\n\n\n\n<h2 class=\"wp-block-heading\"><strong>Cevisama 2025: Un evento clave para el sector cer\u00e1mico y del ba\u00f1o<\/strong><\/h2>\n\n\n\n<p class=\"wp-block-paragraph\">Con una amplia oferta de expositores, innovaciones tecnol\u00f3gicas y eventos de primer nivel,&nbsp;<strong>Cevisama 2025<\/strong>&nbsp;se posiciona como una feria imprescindible para arquitectos, dise\u00f1adores, fabricantes y profesionales del interiorismo. La combinaci\u00f3n de&nbsp;<strong>tendencias vanguardistas, tecnolog\u00eda avanzada y dise\u00f1o sostenible<\/strong>&nbsp;marca el futuro de la cer\u00e1mica y el ba\u00f1o en la industria global.<\/p>\n\n\n\n<p class=\"wp-block-paragraph\">La feria contin\u00faa hasta el&nbsp;<strong>viernes 28 de febrero<\/strong>, ofreciendo m\u00e1s oportunidades de networking, negocios e inspiraci\u00f3n para los asistentes.<\/p>","protected":false},"excerpt":{"rendered":"<p>Todo lo que debes saber sobre la Feria Cevisama en Valencia 205, premios, foros y cronograma de actividad. <\/p>","protected":false},"author":235586845,"featured_media":3768,"comment_status":"closed","ping_status":"open","sticky":false,"template":"","format":"standard","meta":{"_editorskit_title_hidden":false,"_editorskit_reading_time":0,"_editorskit_is_block_options_detached":false,"_editorskit_block_options_position":"{}","_uag_custom_page_level_css":"","footnotes":""},"categories":[122543,121842],"tags":[122548,122554,122544,122319,122521],"class_list":["post-3829","post","type-post","status-publish","format-standard","has-post-thumbnail","hentry","category-eventos","category-ideas","tag-economia","tag-espana","tag-feria-valencia","tag-noticias","tag-valencia"],"uagb_featured_image_src":{"full":["https:\/\/milinmueble.com\/wp-content\/uploads\/2025\/02\/Foto-Grupo-Premios-Distribucion.jpg",2048,1536,false],"thumbnail":["https:\/\/milinmueble.com\/wp-content\/uploads\/2025\/02\/Foto-Grupo-Premios-Distribucion-150x150.jpg",150,150,true],"medium":["https:\/\/milinmueble.com\/wp-content\/uploads\/2025\/02\/Foto-Grupo-Premios-Distribucion-300x225.jpg",300,225,true],"medium_large":["https:\/\/milinmueble.com\/wp-content\/uploads\/2025\/02\/Foto-Grupo-Premios-Distribucion-768x576.jpg",749,562,true],"large":["https:\/\/milinmueble.com\/wp-content\/uploads\/2025\/02\/Foto-Grupo-Premios-Distribucion-1024x768.jpg",749,562,true],"1536x1536":["https:\/\/milinmueble.com\/wp-content\/uploads\/2025\/02\/Foto-Grupo-Premios-Distribucion-1536x1152.jpg",1536,1152,true],"2048x2048":["https:\/\/milinmueble.com\/wp-content\/uploads\/2025\/02\/Foto-Grupo-Premios-Distribucion.jpg",2048,1536,false],"trp-custom-language-flag":["https:\/\/milinmueble.com\/wp-content\/uploads\/2025\/02\/Foto-Grupo-Premios-Distribucion-16x12.jpg",16,12,true],"hp_square_small":["https:\/\/milinmueble.com\/wp-content\/uploads\/2025\/02\/Foto-Grupo-Premios-Distribucion-400x400.jpg",400,400,true],"hp_landscape_small":["https:\/\/milinmueble.com\/wp-content\/uploads\/2025\/02\/Foto-Grupo-Premios-Distribucion-400x300.jpg",400,300,true],"hp_landscape_large":["https:\/\/milinmueble.com\/wp-content\/uploads\/2025\/02\/Foto-Grupo-Premios-Distribucion-800x600.jpg",800,600,true],"ht_landscape_small":["https:\/\/milinmueble.com\/wp-content\/uploads\/2025\/02\/Foto-Grupo-Premios-Distribucion-400x300.jpg",400,300,true],"ht_cover_large":["https:\/\/milinmueble.com\/wp-content\/uploads\/2025\/02\/Foto-Grupo-Premios-Distribucion-1600x800.jpg",1600,800,true],"woocommerce_thumbnail":["https:\/\/milinmueble.com\/wp-content\/uploads\/2025\/02\/Foto-Grupo-Premios-Distribucion-400x400.jpg",400,400,true],"woocommerce_single":["https:\/\/milinmueble.com\/wp-content\/uploads\/2025\/02\/Foto-Grupo-Premios-Distribucion-600x450.jpg",600,450,true],"woocommerce_gallery_thumbnail":["https:\/\/milinmueble.com\/wp-content\/uploads\/2025\/02\/Foto-Grupo-Premios-Distribucion-100x100.jpg",100,100,true]},"uagb_author_info":{"display_name":"milinmueble","author_link":"https:\/\/milinmueble.com\/en\/author\/milinmueble\/"},"uagb_comment_info":0,"uagb_excerpt":"Todo lo que debes saber sobre la Feria Cevisama en Valencia 205, premios, foros y cronograma de actividad.","_links":{"self":[{"href":"https:\/\/milinmueble.com\/en\/wp-json\/wp\/v2\/posts\/3829","targetHints":{"allow":["GET"]}}],"collection":[{"href":"https:\/\/milinmueble.com\/en\/wp-json\/wp\/v2\/posts"}],"about":[{"href":"https:\/\/milinmueble.com\/en\/wp-json\/wp\/v2\/types\/post"}],"author":[{"embeddable":true,"href":"https:\/\/milinmueble.com\/en\/wp-json\/wp\/v2\/users\/235586845"}],"replies":[{"embeddable":true,"href":"https:\/\/milinmueble.com\/en\/wp-json\/wp\/v2\/comments?post=3829"}],"version-history":[{"count":1,"href":"https:\/\/milinmueble.com\/en\/wp-json\/wp\/v2\/posts\/3829\/revisions"}],"predecessor-version":[{"id":3830,"href":"https:\/\/milinmueble.com\/en\/wp-json\/wp\/v2\/posts\/3829\/revisions\/3830"}],"wp:featuredmedia":[{"embeddable":true,"href":"https:\/\/milinmueble.com\/en\/wp-json\/wp\/v2\/media\/3768"}],"wp:attachment":[{"href":"https:\/\/milinmueble.com\/en\/wp-json\/wp\/v2\/media?parent=3829"}],"wp:term":[{"taxonomy":"category","embeddable":true,"href":"https:\/\/milinmueble.com\/en\/wp-json\/wp\/v2\/categories?post=3829"},{"taxonomy":"post_tag","embeddable":true,"href":"https:\/\/milinmueble.com\/en\/wp-json\/wp\/v2\/tags?post=3829"}],"curies":[{"name":"wp","href":"https:\/\/api.w.org\/{rel}","templated":true}]}}