{"id":3983,"date":"2025-09-12T10:57:36","date_gmt":"2025-09-12T08:57:36","guid":{"rendered":"https:\/\/milinmueble.com\/?p=3983"},"modified":"2025-09-12T10:57:38","modified_gmt":"2025-09-12T08:57:38","slug":"feria-habitat-valencia-2025-agenda-conferencias-disenadores-internacionales","status":"publish","type":"post","link":"https:\/\/milinmueble.com\/en\/feria-habitat-valencia-2025-agenda-conferencias-disenadores-internacionales\/","title":{"rendered":"Feria H\u00e1bitat Val\u00e8ncia 2025: agenda completa con m\u00e1s de 100 conferencias y los mejores dise\u00f1adores internacionales"},"content":{"rendered":"<figure class=\"wp-block-image size-large is-resized\"><img loading=\"lazy\" decoding=\"async\" width=\"1024\" height=\"651\" src=\"https:\/\/milinmueble.com\/wp-content\/uploads\/2025\/09\/IMG_9947-1024x651.jpeg\" alt=\"\" class=\"wp-image-3984\" style=\"width:1140px;height:auto\" srcset=\"https:\/\/milinmueble.com\/wp-content\/uploads\/2025\/09\/IMG_9947-1024x651.jpeg 1024w, https:\/\/milinmueble.com\/wp-content\/uploads\/2025\/09\/IMG_9947-300x191.jpeg 300w, https:\/\/milinmueble.com\/wp-content\/uploads\/2025\/09\/IMG_9947-768x489.jpeg 768w, https:\/\/milinmueble.com\/wp-content\/uploads\/2025\/09\/IMG_9947-18x12.jpeg 18w, https:\/\/milinmueble.com\/wp-content\/uploads\/2025\/09\/IMG_9947-600x382.jpeg 600w, https:\/\/milinmueble.com\/wp-content\/uploads\/2025\/09\/IMG_9947.jpeg 1509w\" sizes=\"auto, (max-width: 1024px) 100vw, 1024px\" \/><\/figure>\n\n\n\n<p class=\"wp-block-paragraph\"><strong>Val\u00e8ncia, 11 de septiembre de 2025.<\/strong>&nbsp;\u2013 La&nbsp;<strong>Feria H\u00e1bitat Val\u00e8ncia 2025<\/strong>&nbsp;ultima los preparativos para lo que promete ser una de sus ediciones m\u00e1s multitudinarias y ambiciosas. Del&nbsp;<strong>29 de septiembre al 2 de octubre<\/strong>, el recinto de Feria Valencia se convertir\u00e1 en el epicentro internacional del dise\u00f1o, la decoraci\u00f3n, la arquitectura y el contract, al reunir a&nbsp;<strong>m\u00e1s de 700 firmas expositoras de 20 pa\u00edses<\/strong>&nbsp;y a los dise\u00f1adores m\u00e1s influyentes del panorama actual.<\/p>\n\n\n\n<p class=\"wp-block-paragraph\">La gran cita contar\u00e1 con&nbsp;<strong>dos escenarios principales<\/strong>&nbsp;\u2013el&nbsp;<strong>\u00c1gora nude<\/strong>&nbsp;y la&nbsp;<strong>Zona de Conferencias de Hotel H\u00e1bitat<\/strong>\u2013 donde se desarrollar\u00e1n&nbsp;<strong>m\u00e1s de un centenar de conferencias, mesas redondas, presentaciones, jornadas profesionales y debates<\/strong>. A ello se sumar\u00e1 medio centenar de actividades adicionales impulsadas directamente por los expositores en sus stands.<\/p>\n\n\n\n\t\t\t<div class=\"wp-block-uagb-post-carousel uagb-post-grid  uagb-post__image-position-top uagb-post__image-enabled uagb-block-5c5f9a02     uagb-post__arrow-outside uagb-slick-carousel uagb-post__items uagb-post__columns-2 is-carousel uagb-post__columns-tablet-2 uagb-post__columns-mobile-1\" data-total=\"21\" style=\"\">\n\n\t\t\t\t\t\t\t\t\t\t\t\t<article class=\"uagb-post__inner-wrap\">\t\t\t\t\t\t\t\t<h4 class=\"uagb-post__title uagb-post__text\">\n\t\t\t\t<a href=\"https:\/\/milinmueble.com\/en\/fiesta-y-boda-2026-reunira-en-feria-valencia-propuestas-para-bodas-y-todo-tipo-de-celebraciones\/\" target=\"_self\" rel=\"bookmark noopener noreferrer\">Fiesta y Boda 2026 reunir\u00e1 en Feria Valencia propuestas para bodas y todo tipo de celebraciones<\/a>\n\t\t\t<\/h4>\n\t\t\t\t\t\t<div class='uagb-post__text uagb-post-grid-byline'>\n\t\t\t\t\t\t\t\t<time datetime=\"2026-08-15T16:35:20+02:00\" class=\"uagb-post__date\">\n\t\t\t\t<span class=\"dashicons-calendar dashicons\"><\/span>\t\t\t\t\t15 de August de 2026\t\t\t\t<\/time>\n\t\t\t\t\t\t\t<span class=\"uagb-post__comment\">\n\t\t\t\t<span class=\"dashicons-admin-comments dashicons\"><\/span>\t\t\t\t\tNo Comments\t\t\t\t<\/span>\n\t\t\t\t\t\t<\/div>\n\t\t\t\t\t\t\t<div class='uagb-post__text uagb-post__excerpt'>\n\t\t\t\t\tFiesta y Boda regresar\u00e1 a Feria Valencia del 13 al 15 de noviembre con moda,&#8230;\t\t\t\t<\/div>\n\t\t\t\t\t\t<div class=\"uagb-post__text uagb-post__cta wp-block-button\">\n\t\t\t\t<a class=\"wp-block-button__link uagb-text-link\" style=\"\" href=\"https:\/\/milinmueble.com\/en\/fiesta-y-boda-2026-reunira-en-feria-valencia-propuestas-para-bodas-y-todo-tipo-de-celebraciones\/\" target=\"_self\" rel=\"bookmark noopener noreferrer\">Read More<\/a>\n\t\t\t<\/div>\n\t\t\t\n\t\t\t\t\t\t\t\t\t<\/article>\n\t\t\t\t\t\t\t\t\t\t\t\t\t\t\t\t<article class=\"uagb-post__inner-wrap\">\t\t\t\t\t\t\t\t<h4 class=\"uagb-post__title uagb-post__text\">\n\t\t\t\t<a href=\"https:\/\/milinmueble.com\/en\/iberflora-2026-pone-el-foco-en-la-salud-del-arbolado-y-los-espacios-verdes-urbanos\/\" target=\"_self\" rel=\"bookmark noopener noreferrer\">Iberflora 2026 pone el foco en la salud del arbolado y los espacios verdes urbanos<\/a>\n\t\t\t<\/h4>\n\t\t\t\t\t\t<div class='uagb-post__text uagb-post-grid-byline'>\n\t\t\t\t\t\t\t\t<time datetime=\"2026-08-15T16:35:15+02:00\" class=\"uagb-post__date\">\n\t\t\t\t<span class=\"dashicons-calendar dashicons\"><\/span>\t\t\t\t\t15 de August de 2026\t\t\t\t<\/time>\n\t\t\t\t\t\t\t<span class=\"uagb-post__comment\">\n\t\t\t\t<span class=\"dashicons-admin-comments dashicons\"><\/span>\t\t\t\t\tNo Comments\t\t\t\t<\/span>\n\t\t\t\t\t\t<\/div>\n\t\t\t\t\t\t\t<div class='uagb-post__text uagb-post__excerpt'>\n\t\t\t\t\tEl Foro de BioProtecci\u00f3n Vegetal abordar\u00e1 en Feria Valencia la sanidad del arbolado urbano, el&#8230;\t\t\t\t<\/div>\n\t\t\t\t\t\t<div class=\"uagb-post__text uagb-post__cta wp-block-button\">\n\t\t\t\t<a class=\"wp-block-button__link uagb-text-link\" style=\"\" href=\"https:\/\/milinmueble.com\/en\/iberflora-2026-pone-el-foco-en-la-salud-del-arbolado-y-los-espacios-verdes-urbanos\/\" target=\"_self\" rel=\"bookmark noopener noreferrer\">Read More<\/a>\n\t\t\t<\/div>\n\t\t\t\n\t\t\t\t\t\t\t\t\t<\/article>\n\t\t\t\t\t\t\t\t\t\t\t\t\t\t\t\t<article class=\"uagb-post__inner-wrap\">\t\t\t\t\t\t\t\t<h4 class=\"uagb-post__title uagb-post__text\">\n\t\t\t\t<a href=\"https:\/\/milinmueble.com\/en\/la-industria-del-automovil-acelera-la-transicion-hacia-vehiculos-electricos-autonomos-y-conectados\/\" target=\"_self\" rel=\"bookmark noopener noreferrer\">La industria del autom\u00f3vil acelera la transici\u00f3n hacia veh\u00edculos el\u00e9ctricos, aut\u00f3nomos y conectados<\/a>\n\t\t\t<\/h4>\n\t\t\t\t\t\t<div class='uagb-post__text uagb-post-grid-byline'>\n\t\t\t\t\t\t\t\t<time datetime=\"2026-08-15T16:35:08+02:00\" class=\"uagb-post__date\">\n\t\t\t\t<span class=\"dashicons-calendar dashicons\"><\/span>\t\t\t\t\t15 de August de 2026\t\t\t\t<\/time>\n\t\t\t\t\t\t\t<span class=\"uagb-post__comment\">\n\t\t\t\t<span class=\"dashicons-admin-comments dashicons\"><\/span>\t\t\t\t\tNo Comments\t\t\t\t<\/span>\n\t\t\t\t\t\t<\/div>\n\t\t\t\t\t\t\t<div class='uagb-post__text uagb-post__excerpt'>\n\t\t\t\t\teMobility Expo MOW 2026 reuni\u00f3 a referentes de automoci\u00f3n y competici\u00f3n para debatir electrificaci\u00f3n, bater\u00edas,&#8230;\t\t\t\t<\/div>\n\t\t\t\t\t\t<div class=\"uagb-post__text uagb-post__cta wp-block-button\">\n\t\t\t\t<a class=\"wp-block-button__link uagb-text-link\" style=\"\" href=\"https:\/\/milinmueble.com\/en\/la-industria-del-automovil-acelera-la-transicion-hacia-vehiculos-electricos-autonomos-y-conectados\/\" target=\"_self\" rel=\"bookmark noopener noreferrer\">Read More<\/a>\n\t\t\t<\/div>\n\t\t\t\n\t\t\t\t\t\t\t\t\t<\/article>\n\t\t\t\t\t\t\t\t\t\t\t\t\t\t\t\t<article class=\"uagb-post__inner-wrap\">\t\t\t\t\t\t\t\t<h4 class=\"uagb-post__title uagb-post__text\">\n\t\t\t\t<a href=\"https:\/\/milinmueble.com\/en\/europa-acelera-la-electrificacion-del-transporte-con-la-mirada-puesta-en-2035\/\" target=\"_self\" rel=\"bookmark noopener noreferrer\">Europa acelera la electrificaci\u00f3n del transporte con la mirada puesta en 2035<\/a>\n\t\t\t<\/h4>\n\t\t\t\t\t\t<div class='uagb-post__text uagb-post-grid-byline'>\n\t\t\t\t\t\t\t\t<time datetime=\"2026-08-15T16:35:02+02:00\" class=\"uagb-post__date\">\n\t\t\t\t<span class=\"dashicons-calendar dashicons\"><\/span>\t\t\t\t\t15 de August de 2026\t\t\t\t<\/time>\n\t\t\t\t\t\t\t<span class=\"uagb-post__comment\">\n\t\t\t\t<span class=\"dashicons-admin-comments dashicons\"><\/span>\t\t\t\t\tNo Comments\t\t\t\t<\/span>\n\t\t\t\t\t\t<\/div>\n\t\t\t\t\t\t\t<div class='uagb-post__text uagb-post__excerpt'>\n\t\t\t\t\tLa movilidad europea avanza hacia una combinaci\u00f3n de bater\u00edas, hidr\u00f3geno y sistemas h\u00edbridos, mientras crece&#8230;\t\t\t\t<\/div>\n\t\t\t\t\t\t<div class=\"uagb-post__text uagb-post__cta wp-block-button\">\n\t\t\t\t<a class=\"wp-block-button__link uagb-text-link\" style=\"\" href=\"https:\/\/milinmueble.com\/en\/europa-acelera-la-electrificacion-del-transporte-con-la-mirada-puesta-en-2035\/\" target=\"_self\" rel=\"bookmark noopener noreferrer\">Read More<\/a>\n\t\t\t<\/div>\n\t\t\t\n\t\t\t\t\t\t\t\t\t<\/article>\n\t\t\t\t\t\t\t\t\t\t\t\t\t\t\t\t<article class=\"uagb-post__inner-wrap\">\t\t\t\t\t\t\t\t<h4 class=\"uagb-post__title uagb-post__text\">\n\t\t\t\t<a href=\"https:\/\/milinmueble.com\/en\/el-ferrocarril-avanza-hacia-una-movilidad-mas-inteligente-con-datos-ia-y-mantenimiento-predictivo\/\" target=\"_self\" rel=\"bookmark noopener noreferrer\">El ferrocarril avanza hacia una movilidad m\u00e1s inteligente con datos, IA y mantenimiento predictivo<\/a>\n\t\t\t<\/h4>\n\t\t\t\t\t\t<div class='uagb-post__text uagb-post-grid-byline'>\n\t\t\t\t\t\t\t\t<time datetime=\"2026-08-15T16:34:56+02:00\" class=\"uagb-post__date\">\n\t\t\t\t<span class=\"dashicons-calendar dashicons\"><\/span>\t\t\t\t\t15 de August de 2026\t\t\t\t<\/time>\n\t\t\t\t\t\t\t<span class=\"uagb-post__comment\">\n\t\t\t\t<span class=\"dashicons-admin-comments dashicons\"><\/span>\t\t\t\t\tNo Comments\t\t\t\t<\/span>\n\t\t\t\t\t\t<\/div>\n\t\t\t\t\t\t\t<div class='uagb-post__text uagb-post__excerpt'>\n\t\t\t\t\teMobility Expo MOW 2026 abord\u00f3 la digitalizaci\u00f3n ferroviaria, la seguridad preventiva, los corredores europeos y&#8230;\t\t\t\t<\/div>\n\t\t\t\t\t\t<div class=\"uagb-post__text uagb-post__cta wp-block-button\">\n\t\t\t\t<a class=\"wp-block-button__link uagb-text-link\" style=\"\" href=\"https:\/\/milinmueble.com\/en\/el-ferrocarril-avanza-hacia-una-movilidad-mas-inteligente-con-datos-ia-y-mantenimiento-predictivo\/\" target=\"_self\" rel=\"bookmark noopener noreferrer\">Read More<\/a>\n\t\t\t<\/div>\n\t\t\t\n\t\t\t\t\t\t\t\t\t<\/article>\n\t\t\t\t\t\t\t\t\t\t\t\t\t\t\t\t<article class=\"uagb-post__inner-wrap\">\t\t\t\t\t\t\t\t<h4 class=\"uagb-post__title uagb-post__text\">\n\t\t\t\t<a href=\"https:\/\/milinmueble.com\/en\/emobility-expo-world-congress-2026-cierra-en-malaga-con-5-287-asistentes-y-mas-de-400-innovaciones\/\" target=\"_self\" rel=\"bookmark noopener noreferrer\">eMobility Expo World Congress 2026 cierra en M\u00e1laga con 5.287 asistentes y m\u00e1s de 400 innovaciones<\/a>\n\t\t\t<\/h4>\n\t\t\t\t\t\t<div class='uagb-post__text uagb-post-grid-byline'>\n\t\t\t\t\t\t\t\t<time datetime=\"2026-08-15T16:34:49+02:00\" class=\"uagb-post__date\">\n\t\t\t\t<span class=\"dashicons-calendar dashicons\"><\/span>\t\t\t\t\t15 de August de 2026\t\t\t\t<\/time>\n\t\t\t\t\t\t\t<span class=\"uagb-post__comment\">\n\t\t\t\t<span class=\"dashicons-admin-comments dashicons\"><\/span>\t\t\t\t\tNo Comments\t\t\t\t<\/span>\n\t\t\t\t\t\t<\/div>\n\t\t\t\t\t\t\t<div class='uagb-post__text uagb-post__excerpt'>\n\t\t\t\t\tLa tercera edici\u00f3n de eMobility Expo World Congress reuni\u00f3 en M\u00e1laga a profesionales de 34&#8230;\t\t\t\t<\/div>\n\t\t\t\t\t\t<div class=\"uagb-post__text uagb-post__cta wp-block-button\">\n\t\t\t\t<a class=\"wp-block-button__link uagb-text-link\" style=\"\" href=\"https:\/\/milinmueble.com\/en\/emobility-expo-world-congress-2026-cierra-en-malaga-con-5-287-asistentes-y-mas-de-400-innovaciones\/\" target=\"_self\" rel=\"bookmark noopener noreferrer\">Read More<\/a>\n\t\t\t<\/div>\n\t\t\t\n\t\t\t\t\t\t\t\t\t<\/article>\n\t\t\t\t\t\t\t\t\t\t\t<\/div>\n\t\t\t\n\n\n<hr class=\"wp-block-separator has-alpha-channel-opacity\"\/>\n\n\n\n<h2 class=\"wp-block-heading\">Un \u00c1gora nude lleno de tendencias e innovaci\u00f3n<\/h2>\n\n\n\n<p class=\"wp-block-paragraph\">El&nbsp;<strong>\u00c1gora nude<\/strong>, ubicado en el Nivel 3 Pabell\u00f3n 4, se consolidar\u00e1 como un espacio imprescindible para&nbsp;<strong>profesionales del dise\u00f1o, arquitectos, interioristas y coolhunters<\/strong>. Este foro se ha convertido en un laboratorio de ideas y tendencias, y en 2025 contar\u00e1 con la presencia de referentes internacionales como&nbsp;<strong>Alberto Cavalli<\/strong>, director ejecutivo de la Michelangelo Foundation, el&nbsp;<strong>Premio Nacional de Dise\u00f1o H\u00e9ctor Serrano<\/strong>, y&nbsp;<strong>Jos\u00e9 Manuel Ferrero<\/strong>&nbsp;(Estudi{H}ac), encargado del dise\u00f1o del espacio nude de este a\u00f1o.<\/p>\n\n\n\n<p class=\"wp-block-paragraph\">Entre las actividades programadas destacan:<\/p>\n\n\n\n<ul class=\"wp-block-list\">\n<li><strong>Presentaci\u00f3n del Concurso Internacional de Dise\u00f1o de Andreu World<\/strong>.<\/li>\n\n\n\n<li><strong>Mapa del Dise\u00f1o de Alicante<\/strong>.<\/li>\n\n\n\n<li><strong>I Premios Nacionales de Dise\u00f1o Interior (DIN)<\/strong>.<\/li>\n\n\n\n<li><strong>Proyecto FITT-NESS<\/strong>\u00a0sobre\u00a0<em>smart homes<\/em>.<\/li>\n\n\n\n<li><strong>Nueva edici\u00f3n del Cuaderno de Tendencias del H\u00e1bitat<\/strong>.<\/li>\n<\/ul>\n\n\n\n<p class=\"wp-block-paragraph\">La programaci\u00f3n tambi\u00e9n abordar\u00e1&nbsp;<strong>propiedad intelectual en dise\u00f1o<\/strong>,&nbsp;<strong>prescripci\u00f3n de materiales<\/strong>, el&nbsp;<strong>presente del dise\u00f1o espa\u00f1ol<\/strong>&nbsp;y la iniciativa&nbsp;<strong>H\u00e1bitat 360 de Finsa<\/strong>. Adem\u00e1s, se pondr\u00e1 un fuerte acento en la&nbsp;<strong>artesan\u00eda contempor\u00e1nea<\/strong>, con la participaci\u00f3n de&nbsp;<strong>Chisco Vilar<\/strong>, del Ministerio de Cultura y Deporte.<\/p>\n\n\n\n<p class=\"wp-block-paragraph\">No faltar\u00e1n propuestas transversales, como la conferencia de la doctora&nbsp;<strong>N\u00faria Roure<\/strong>&nbsp;sobre&nbsp;<em>la importancia del descanso<\/em>(patrocinada por Gomarco), la mesa redonda sobre dise\u00f1o e industria impulsada por&nbsp;<strong>Actiu<\/strong>, y el espacio&nbsp;<strong>Altavoz<\/strong>, en el que la&nbsp;<strong>ADCV<\/strong>&nbsp;dar\u00e1 visibilidad a proyectos de estudios emergentes valencianos.<\/p>\n\n\n\n<figure class=\"wp-block-embed is-type-video is-provider-youtube wp-block-embed-youtube wp-embed-aspect-9-16 wp-has-aspect-ratio\"><div class=\"wp-block-embed__wrapper\">\n<iframe loading=\"lazy\" title=\"Presentamos la Feria H\u00e1bitat de Valencia con Joenfa | MILINMUEBLE\" width=\"563\" height=\"1000\" src=\"https:\/\/www.youtube.com\/embed\/V2Xc23_RfYo?feature=oembed\" frameborder=\"0\" allow=\"accelerometer; autoplay; clipboard-write; encrypted-media; gyroscope; picture-in-picture; web-share\" referrerpolicy=\"strict-origin-when-cross-origin\" allowfullscreen><\/iframe>\n<\/div><\/figure>\n\n\n\n<hr class=\"wp-block-separator has-alpha-channel-opacity\"\/>\n\n\n\n<h2 class=\"wp-block-heading\">Hotel H\u00e1bitat: el contract hotelero como protagonista<\/h2>\n\n\n\n<p class=\"wp-block-paragraph\">La segunda gran \u00e1rea de conferencias ser\u00e1 la&nbsp;<strong>Zona de Conferencias de Hotel H\u00e1bitat<\/strong>&nbsp;(Nivel 3 Pabell\u00f3n 3), donde se celebrar\u00e1n&nbsp;<strong>jornadas monogr\u00e1ficas sobre la industria hotelera<\/strong>. El arquitecto y dise\u00f1ador&nbsp;<strong>Tom\u00e1s Al\u00eda<\/strong>&nbsp;ser\u00e1 protagonista al idear un hotel sostenible inspirado en la arquitectura popular valenciana.<\/p>\n\n\n\n<p class=\"wp-block-paragraph\">En este espacio, los d\u00edas 29 y 30 de septiembre, se desarrollar\u00e1n actividades impulsadas por&nbsp;<strong>HOSBEC, ITH y CEHAT<\/strong>, que abarcar\u00e1n desde el&nbsp;<strong>futuro del turismo<\/strong>&nbsp;hasta&nbsp;<strong>estructuras jur\u00eddicas para la gesti\u00f3n hotelera<\/strong>, de la mano de&nbsp;<strong>Garrigues<\/strong>, y charlas sobre&nbsp;<strong>nuevas oportunidades de negocio en el sector hotelero<\/strong>.<\/p>\n\n\n\n<p class=\"wp-block-paragraph\">El programa incluir\u00e1 ponencias y coloquios de figuras internacionales como:<\/p>\n\n\n\n<ul class=\"wp-block-list\">\n<li><strong>Ben Wu<\/strong>, arquitecto y dise\u00f1ador chino.<\/li>\n\n\n\n<li><strong>Gabrielle Buratti<\/strong>, dise\u00f1ador italiano.<\/li>\n\n\n\n<li><strong>Fran Silvestre<\/strong>\u00a0y\u00a0<strong>Jos\u00e9 Mart\u00ed<\/strong>\u00a0(Erre Arquitectura), con un monogr\u00e1fico sobre arquitectura y negocio inmobiliario.<\/li>\n\n\n\n<li>La jornada\u00a0<strong>\u201cWomen in Office Design\u201d<\/strong>, impulsada por\u00a0<strong>Actiu<\/strong>, con la participaci\u00f3n de\u00a0<strong>Francesca Heathcote<\/strong>(Teresa Sapey + Partners).<\/li>\n<\/ul>\n\n\n\n<p class=\"wp-block-paragraph\">El enfoque contract se completar\u00e1 con conferencias sobre&nbsp;<strong>artesan\u00eda y hoteler\u00eda (Tom\u00e1s Al\u00eda)<\/strong>, la gu\u00eda&nbsp;<strong>\u201cViajar bien sentado\u201d de Andreu World<\/strong>, mesas sobre&nbsp;<strong>sostenibilidad en departamentos de compras<\/strong>, innovaci\u00f3n en&nbsp;<strong>materiales resistentes al fuego<\/strong>&nbsp;y la presentaci\u00f3n del sistema&nbsp;<strong>\u2018Ziclick\u2019 para rehabilitaci\u00f3n de interiores hoteleros<\/strong>.<\/p>\n\n\n\n<hr class=\"wp-block-separator has-alpha-channel-opacity\"\/>\n\n\n\n<h2 class=\"wp-block-heading\">Expositores y dise\u00f1adores de renombre internacional<\/h2>\n\n\n\n<p class=\"wp-block-paragraph\">El tercer gran atractivo de H\u00e1bitat 2025 ser\u00e1 la agenda de&nbsp;<strong>presentaciones exclusivas en los stands de los expositores<\/strong>, donde se dar\u00e1n a conocer las&nbsp;<strong>nuevas colecciones y colaboraciones de firmas internacionales<\/strong>.<\/p>\n\n\n\n<p class=\"wp-block-paragraph\">Entre los protagonistas destacan:<\/p>\n\n\n\n<ul class=\"wp-block-list\">\n<li><strong>Karim Rashid<\/strong>, que presentar\u00e1 una colecci\u00f3n para\u00a0<strong>Nisi Family<\/strong>.<\/li>\n\n\n\n<li><strong>Agatha Ruiz de la Prada<\/strong>, con\u00a0<strong>La Premier<\/strong>.<\/li>\n\n\n\n<li><strong>Meike Harde<\/strong>, con\u00a0<strong>Viccarbe<\/strong>.<\/li>\n\n\n\n<li><strong>Stefano Spessoto<\/strong>, para\u00a0<strong>Santalucia Mobili<\/strong>.<\/li>\n\n\n\n<li><strong>Ximo Roca<\/strong>, para\u00a0<strong>Systemtronic<\/strong>.<\/li>\n\n\n\n<li><strong>Francesc Rif\u00e9<\/strong>, para\u00a0<strong>Uecko<\/strong>.<\/li>\n\n\n\n<li><strong>Giancarlo Vegni<\/strong>, con\u00a0<strong>Casades\u00fas<\/strong>.<\/li>\n\n\n\n<li><strong>Patrick Norguet<\/strong>\u00a0y\u00a0<strong>Boti de Dominicis<\/strong>, para\u00a0<strong>Point<\/strong>.<\/li>\n\n\n\n<li><strong>Ram\u00f3n Esteve<\/strong>, con su esperado sof\u00e1 en\u00a0<strong>Vondom<\/strong>.<\/li>\n\n\n\n<li><strong>Daniel Germani<\/strong>, con\u00a0<strong>Zavotti<\/strong>.<\/li>\n\n\n\n<li><strong>Emiliana Design<\/strong>, con mobiliario inclusivo para\u00a0<strong>Verg\u00e9s<\/strong>.<\/li>\n<\/ul>\n\n\n\n<hr class=\"wp-block-separator has-alpha-channel-opacity\"\/>\n\n\n\n<h2 class=\"wp-block-heading\">H\u00e1bitat 2025: el epicentro del dise\u00f1o internacional<\/h2>\n\n\n\n<p class=\"wp-block-paragraph\">Con esta programaci\u00f3n,&nbsp;<strong>Feria H\u00e1bitat Val\u00e8ncia 2025<\/strong>&nbsp;refuerza su papel como&nbsp;<strong>cita de referencia internacional en el mundo del dise\u00f1o, la arquitectura y el contract hotelero<\/strong>. La combinaci\u00f3n de&nbsp;<strong>m\u00e1s de 700 expositores, dos escenarios con agendas paralelas y una amplia red de actividades de networking<\/strong>&nbsp;convertir\u00e1 a Val\u00e8ncia en la capital mundial del h\u00e1bitat durante cuatro intensos d\u00edas.<\/p>\n\n\n\n<p class=\"wp-block-paragraph\">Los profesionales asistentes podr\u00e1n no solo&nbsp;<strong>descubrir las \u00faltimas tendencias y colecciones<\/strong>, sino tambi\u00e9n&nbsp;<strong>generar alianzas estrat\u00e9gicas, debatir sobre los retos del sector y anticipar el futuro de la industria<\/strong>.<\/p>\n\n\n\n<h2 class=\"wp-block-heading\"><strong>Feria H\u00e1bitat Val\u00e8ncia 2025<\/strong>\u00a0<\/h2>\n\n\n\n<p class=\"wp-block-paragraph\"><strong>Feria H\u00e1bitat Val\u00e8ncia 2025<\/strong>&nbsp;es la edici\u00f3n anual del certamen internacional de mobiliario, iluminaci\u00f3n, decoraci\u00f3n, textiles para el hogar, contract e interiorismo que se celebra en la ciudad de Val\u00e8ncia, Espa\u00f1a. El evento tendr\u00e1 lugar del&nbsp;<strong>29 de septiembre al 2 de octubre de 2025<\/strong>&nbsp;en el recinto de&nbsp;<strong>Feria Valencia<\/strong>, junto a la feria&nbsp;<strong>Textilhogar<\/strong>.<\/p>\n\n\n\n<p class=\"wp-block-paragraph\">La edici\u00f3n de 2025 reunir\u00e1 a&nbsp;<strong>m\u00e1s de 700 firmas y marcas expositoras procedentes de una veintena de pa\u00edses<\/strong>&nbsp;y contar\u00e1 con un programa de actividades compuesto por&nbsp;<strong>m\u00e1s de un centenar de conferencias, mesas redondas, presentaciones y jornadas profesionales<\/strong>. Estas se desarrollar\u00e1n principalmente en dos escenarios: el&nbsp;<strong>\u00c1gora nude<\/strong>, espacio dedicado al talento emergente y a la innovaci\u00f3n en dise\u00f1o, y la&nbsp;<strong>Zona de Conferencias de Hotel H\u00e1bitat<\/strong>, enfocada en la industria hotelera y el contract.<\/p>\n\n\n\n<p class=\"wp-block-paragraph\">El certamen se caracteriza por la participaci\u00f3n de destacados&nbsp;<strong>dise\u00f1adores y arquitectos internacionales<\/strong>, como&nbsp;<strong>Karim Rashid, Ram\u00f3n Esteve, Agatha Ruiz de la Prada, Alberto Cavalli, Tom\u00e1s Al\u00eda, Ben Wu<\/strong>&nbsp;o&nbsp;<strong>Meike Harde<\/strong>, entre otros. Adem\u00e1s de su papel como plataforma de tendencias, H\u00e1bitat Val\u00e8ncia es considerado uno de los eventos m\u00e1s relevantes del sector en el sur de Europa, atrayendo a&nbsp;<strong>profesionales del dise\u00f1o, la arquitectura, la decoraci\u00f3n, la hoteler\u00eda y la distribuci\u00f3n<\/strong>.<\/p>","protected":false},"excerpt":{"rendered":"<p>La Feria H\u00e1bitat Val\u00e8ncia 2025 reunir\u00e1 del 29 de septiembre al 2 de octubre a m\u00e1s de 700 marcas internacionales y a los dise\u00f1adores m\u00e1s influyentes del momento. Con m\u00e1s de un centenar de conferencias, mesas redondas y presentaciones en el \u00c1gora nude y el Hotel H\u00e1bitat, la cita promete ser el epicentro mundial del dise\u00f1o, la arquitectura, el interiorismo y el contract hotelero.<\/p>","protected":false},"author":235586845,"featured_media":3984,"comment_status":"closed","ping_status":"open","sticky":false,"template":"","format":"standard","meta":{"_editorskit_title_hidden":false,"_editorskit_reading_time":0,"_editorskit_is_block_options_detached":false,"_editorskit_block_options_position":"{}","_uag_custom_page_level_css":"","footnotes":""},"categories":[122662],"tags":[122545,122546,122544,122521],"class_list":["post-3983","post","type-post","status-publish","format-standard","has-post-thumbnail","hentry","category-valencia-espana","tag-eventos","tag-feria-habitat-valencia-2024","tag-feria-valencia","tag-valencia"],"uagb_featured_image_src":{"full":["https:\/\/milinmueble.com\/wp-content\/uploads\/2025\/09\/IMG_9947.jpeg",1509,960,false],"thumbnail":["https:\/\/milinmueble.com\/wp-content\/uploads\/2025\/09\/IMG_9947-150x150.jpeg",150,150,true],"medium":["https:\/\/milinmueble.com\/wp-content\/uploads\/2025\/09\/IMG_9947-300x191.jpeg",300,191,true],"medium_large":["https:\/\/milinmueble.com\/wp-content\/uploads\/2025\/09\/IMG_9947-768x489.jpeg",749,477,true],"large":["https:\/\/milinmueble.com\/wp-content\/uploads\/2025\/09\/IMG_9947-1024x651.jpeg",749,476,true],"1536x1536":["https:\/\/milinmueble.com\/wp-content\/uploads\/2025\/09\/IMG_9947.jpeg",1509,960,false],"2048x2048":["https:\/\/milinmueble.com\/wp-content\/uploads\/2025\/09\/IMG_9947.jpeg",1509,960,false],"trp-custom-language-flag":["https:\/\/milinmueble.com\/wp-content\/uploads\/2025\/09\/IMG_9947-18x12.jpeg",18,12,true],"hp_square_small":["https:\/\/milinmueble.com\/wp-content\/uploads\/2025\/09\/IMG_9947-400x400.jpeg",400,400,true],"hp_landscape_small":["https:\/\/milinmueble.com\/wp-content\/uploads\/2025\/09\/IMG_9947-400x300.jpeg",400,300,true],"hp_landscape_large":["https:\/\/milinmueble.com\/wp-content\/uploads\/2025\/09\/IMG_9947-800x600.jpeg",800,600,true],"ht_landscape_small":["https:\/\/milinmueble.com\/wp-content\/uploads\/2025\/09\/IMG_9947-400x300.jpeg",400,300,true],"ht_cover_large":["https:\/\/milinmueble.com\/wp-content\/uploads\/2025\/09\/IMG_9947-1509x800.jpeg",1509,800,true],"woocommerce_thumbnail":["https:\/\/milinmueble.com\/wp-content\/uploads\/2025\/09\/IMG_9947-400x400.jpeg",400,400,true],"woocommerce_single":["https:\/\/milinmueble.com\/wp-content\/uploads\/2025\/09\/IMG_9947-600x382.jpeg",600,382,true],"woocommerce_gallery_thumbnail":["https:\/\/milinmueble.com\/wp-content\/uploads\/2025\/09\/IMG_9947-100x100.jpeg",100,100,true]},"uagb_author_info":{"display_name":"milinmueble","author_link":"https:\/\/milinmueble.com\/en\/author\/milinmueble\/"},"uagb_comment_info":0,"uagb_excerpt":"La Feria H\u00e1bitat Val\u00e8ncia 2025 reunir\u00e1 del 29 de septiembre al 2 de octubre a m\u00e1s de 700 marcas internacionales y a los dise\u00f1adores m\u00e1s influyentes del momento. Con m\u00e1s de un centenar de conferencias, mesas redondas y presentaciones en el \u00c1gora nude y el Hotel H\u00e1bitat, la cita promete ser el epicentro mundial del&hellip;","_links":{"self":[{"href":"https:\/\/milinmueble.com\/en\/wp-json\/wp\/v2\/posts\/3983","targetHints":{"allow":["GET"]}}],"collection":[{"href":"https:\/\/milinmueble.com\/en\/wp-json\/wp\/v2\/posts"}],"about":[{"href":"https:\/\/milinmueble.com\/en\/wp-json\/wp\/v2\/types\/post"}],"author":[{"embeddable":true,"href":"https:\/\/milinmueble.com\/en\/wp-json\/wp\/v2\/users\/235586845"}],"replies":[{"embeddable":true,"href":"https:\/\/milinmueble.com\/en\/wp-json\/wp\/v2\/comments?post=3983"}],"version-history":[{"count":1,"href":"https:\/\/milinmueble.com\/en\/wp-json\/wp\/v2\/posts\/3983\/revisions"}],"predecessor-version":[{"id":3985,"href":"https:\/\/milinmueble.com\/en\/wp-json\/wp\/v2\/posts\/3983\/revisions\/3985"}],"wp:featuredmedia":[{"embeddable":true,"href":"https:\/\/milinmueble.com\/en\/wp-json\/wp\/v2\/media\/3984"}],"wp:attachment":[{"href":"https:\/\/milinmueble.com\/en\/wp-json\/wp\/v2\/media?parent=3983"}],"wp:term":[{"taxonomy":"category","embeddable":true,"href":"https:\/\/milinmueble.com\/en\/wp-json\/wp\/v2\/categories?post=3983"},{"taxonomy":"post_tag","embeddable":true,"href":"https:\/\/milinmueble.com\/en\/wp-json\/wp\/v2\/tags?post=3983"}],"curies":[{"name":"wp","href":"https:\/\/api.w.org\/{rel}","templated":true}]}}